{"id":234,"date":"2012-03-30T14:58:40","date_gmt":"2012-03-30T18:58:40","guid":{"rendered":"http:\/\/ppgecpan.draconis.ufms.br\/?p=234"},"modified":"2016-03-13T11:06:38","modified_gmt":"2016-03-13T15:06:38","slug":"prorrogadas-as-inscricoes-para-a-anped-co-2012","status":"publish","type":"post","link":"https:\/\/ppgecpan.ufms.br\/en\/prorrogadas-as-inscricoes-para-a-anped-co-2012\/","title":{"rendered":"Prorrogadas as Inscri\u00e7\u00f5es para a ANPED-CO 2012"},"content":{"rendered":"<p>O Programa de P\u00f3s-Gradua\u00e7\u00e3o em Educa\u00e7\u00e3o do Campus do Pantanal informa que as inscri\u00e7\u00f5es com apresenta\u00e7\u00e3o de trabalhos para o XI Encontro de Pesquisa em Educa\u00e7\u00e3o da ANPEd Centro-Oeste, foram prorrogadas para o dia 08\/04\/2012.<\/p>\n<p>Para maiores informa\u00e7\u00f5es<a href=\"http:\/\/www.anpedco2012.ufms.br\/?id=inscricoes\" target=\"_blank\">\u00a0clique aqui e acesse a p\u00e1gina do evento.<\/a><\/p>\n","protected":false},"excerpt":{"rendered":"<p>O Programa de P\u00f3s-Gradua\u00e7\u00e3o em Educa\u00e7\u00e3o do Campus do Pantanal informa que as inscri\u00e7\u00f5es com apresenta\u00e7\u00e3o de trabalhos para o XI Encontro de Pesquisa em Educa\u00e7\u00e3o da ANPEd Centro-Oeste, foram prorrogadas para o dia 08\/04\/2012. Para maiores informa\u00e7\u00f5es\u00a0clique aqui e acesse a p\u00e1gina do evento.<\/p>\n","protected":false},"author":7,"featured_media":1612,"comment_status":"closed","ping_status":"open","sticky":false,"template":"","format":"standard","meta":{"footnotes":""},"categories":[10,38,1],"tags":[],"coauthors":[],"class_list":["post-234","post","type-post","status-publish","format-standard","has-post-thumbnail","hentry","category-eventos","category-eventos-internos","category-noticias"],"_links":{"self":[{"href":"https:\/\/ppgecpan.ufms.br\/en\/wp-json\/wp\/v2\/posts\/234","targetHints":{"allow":["GET"]}}],"collection":[{"href":"https:\/\/ppgecpan.ufms.br\/en\/wp-json\/wp\/v2\/posts"}],"about":[{"href":"https:\/\/ppgecpan.ufms.br\/en\/wp-json\/wp\/v2\/types\/post"}],"author":[{"embeddable":true,"href":"https:\/\/ppgecpan.ufms.br\/en\/wp-json\/wp\/v2\/users\/7"}],"replies":[{"embeddable":true,"href":"https:\/\/ppgecpan.ufms.br\/en\/wp-json\/wp\/v2\/comments?post=234"}],"version-history":[{"count":2,"href":"https:\/\/ppgecpan.ufms.br\/en\/wp-json\/wp\/v2\/posts\/234\/revisions"}],"predecessor-version":[{"id":1189,"href":"https:\/\/ppgecpan.ufms.br\/en\/wp-json\/wp\/v2\/posts\/234\/revisions\/1189"}],"wp:featuredmedia":[{"embeddable":true,"href":"https:\/\/ppgecpan.ufms.br\/en\/wp-json\/wp\/v2\/media\/1612"}],"wp:attachment":[{"href":"https:\/\/ppgecpan.ufms.br\/en\/wp-json\/wp\/v2\/media?parent=234"}],"wp:term":[{"taxonomy":"category","embeddable":true,"href":"https:\/\/ppgecpan.ufms.br\/en\/wp-json\/wp\/v2\/categories?post=234"},{"taxonomy":"post_tag","embeddable":true,"href":"https:\/\/ppgecpan.ufms.br\/en\/wp-json\/wp\/v2\/tags?post=234"},{"taxonomy":"author","embeddable":true,"href":"https:\/\/ppgecpan.ufms.br\/en\/wp-json\/wp\/v2\/coauthors?post=234"}],"curies":[{"name":"wp","href":"https:\/\/api.w.org\/{rel}","templated":true}]}}