{"id":2349,"date":"2016-11-01T13:20:05","date_gmt":"2016-11-01T17:20:05","guid":{"rendered":"http:\/\/ppgecpan.draconis.ufms.br\/?p=2349"},"modified":"2016-11-01T13:20:05","modified_gmt":"2016-11-01T17:20:05","slug":"resultado-pesquisa-violencia-e-preconceito-na-escola-convite","status":"publish","type":"post","link":"https:\/\/ppgecpan.ufms.br\/en\/resultado-pesquisa-violencia-e-preconceito-na-escola-convite\/","title":{"rendered":"RESULTADO PESQUISA VIOL\u00caNCIA E PRECONCEITO NA ESCOLA &#8211; Convite"},"content":{"rendered":"<p style=\"text-align: justify;font-family: 'times new roman',serif;font-size: 12pt;margin-right: 0cm;margin-bottom: 15pt;margin-left: 0cm;vertical-align: baseline\">O Conselho Regional de Psicologia de Mato Grosso do Sul, por meio de sua Comiss\u00e3o de Educa\u00e7\u00e3o, vai realizar\u00a0em parceira com a UFMS,\u00a0no dia 04 de novembro, \u00e0s 13h30, no audit\u00f3rio 1 do Complexo Multiuso da UFMS, a cerim\u00f4nia de lan\u00e7amento dos resultados da pesquisa nacional &#8220;Viol\u00eancia e Preconceito\u00a0na Escola&#8221; com a apresenta\u00e7\u00e3o da<strong>\u00a0Professora Dra.\u00a0MARILDA FACCI\u00a0(UEM) \u00a0<\/strong>e uma das coordenadoras da Comiss\u00e3o Nacional da Pesquisa<strong>.<\/strong><\/p>\n<p style=\"text-align: justify;font-family: 'times new roman',serif;font-size: 12pt;margin-right: 0cm;margin-bottom: 15pt;margin-left: 0cm;vertical-align: baseline\">Resultado de um trabalho financiado pelo Minist\u00e9rio da Educa\u00e7\u00e3o (MEC), a pesquisa &#8220;Viol\u00eancia e Preconceito\u00a0na Escola&#8221; teve como objetivo desenvolver a\u00e7\u00f5es permanentes e definir indicadores para o enfrentamento da problem\u00e1tica em quest\u00e3o a partir da produ\u00e7\u00e3o de conhecimentos realizada.<\/p>\n<p style=\"text-align: justify;font-family: 'times new roman',serif;font-size: 12pt;margin-right: 0cm;margin-bottom: 15pt;margin-left: 0cm;vertical-align: baseline\">A pesquisa foi realizada entre os anos de 2013 e 2015, por 10 universidades brasileiras com o apoio do F\u00f3rum de Entidades Nacionais da Psicologia Brasileira &#8211; FENPB (CFP, ABEP, ABRAPEE e FENAPSI). A coordena\u00e7\u00e3o do estudo no Mato Grosso do Sul e em Goi\u00e1s ficou a cargo da Prof.\u00aa Dr.\u00aa S\u00f4nia da Cunha Urt da Universidade Federal de Mato Grosso do Sul (UFMS)<\/p>\n<p style=\"margin: 0cm 0cm 0pt;text-align: justify;font-family: 'times new roman',serif;font-size: 12pt;vertical-align: baseline\">Para participar,\u00a0os interessados devem se inscrever no site do CRP14\/MS. A inscri\u00e7\u00e3o \u00e9 gratuita e pode ser feita no site &lt;<a href=\"http:\/\/www.crpms.org.br\/noticia\/lanaamento-dos-resultados-da-pesquisa-nacional-aviolancia-e-preconceito-na-escolaa-sera-realizada-em-novembro\/640#.WBAj9i0rKM\" target=\"_blank\"><span style=\"color: #1155cc\">http:\/\/www.crpms.org.br\/notic<\/span>ia\/lanaamento-dos-resultados-da-pesquisa-nacional-aviolancia-e-preconceito-na-escolaa-sera-realizada-em-novembro\/640#.WBAj9i0rKM<\/a>&gt;<\/p>\n<p style=\"margin: 0cm 0cm 0pt;text-align: justify;font-family: 'times new roman',serif;font-size: 12pt;vertical-align: baseline\">\n<p style=\"margin: 0cm 0cm 0pt;text-align: justify;font-family: 'times new roman',serif;font-size: 12pt;vertical-align: baseline\">Maiores informa\u00e7\u00f5es pelo telefone (67) 3382-4801 ou pelo e-mail:\u00a0<a href=\"mailto:politica@crpms.org.br\" target=\"_blank\"><span style=\"color: #1155cc\">politica@crpms.org.br<\/span><\/a><\/p>\n","protected":false},"excerpt":{"rendered":"<p>O Conselho Regional de Psicologia de Mato Grosso do Sul, por meio de sua Comiss\u00e3o de Educa\u00e7\u00e3o, vai realizar\u00a0em parceira com a UFMS,\u00a0no dia 04 de novembro, \u00e0s 13h30, no audit\u00f3rio 1 do Complexo Multiuso da UFMS, a cerim\u00f4nia de lan\u00e7amento dos resultados da pesquisa nacional &#8220;Viol\u00eancia e Preconceito\u00a0na Escola&#8221; com a apresenta\u00e7\u00e3o da\u00a0Professora Dra.\u00a0MARILDA [&hellip;]<\/p>\n","protected":false},"author":2660,"featured_media":2350,"comment_status":"closed","ping_status":"open","sticky":false,"template":"","format":"standard","meta":{"footnotes":""},"categories":[17,39,1],"tags":[],"coauthors":[],"class_list":["post-2349","post","type-post","status-publish","format-standard","has-post-thumbnail","hentry","category-destaques","category-eventos-externos","category-noticias"],"_links":{"self":[{"href":"https:\/\/ppgecpan.ufms.br\/en\/wp-json\/wp\/v2\/posts\/2349","targetHints":{"allow":["GET"]}}],"collection":[{"href":"https:\/\/ppgecpan.ufms.br\/en\/wp-json\/wp\/v2\/posts"}],"about":[{"href":"https:\/\/ppgecpan.ufms.br\/en\/wp-json\/wp\/v2\/types\/post"}],"author":[{"embeddable":true,"href":"https:\/\/ppgecpan.ufms.br\/en\/wp-json\/wp\/v2\/users\/2660"}],"replies":[{"embeddable":true,"href":"https:\/\/ppgecpan.ufms.br\/en\/wp-json\/wp\/v2\/comments?post=2349"}],"version-history":[{"count":1,"href":"https:\/\/ppgecpan.ufms.br\/en\/wp-json\/wp\/v2\/posts\/2349\/revisions"}],"predecessor-version":[{"id":2351,"href":"https:\/\/ppgecpan.ufms.br\/en\/wp-json\/wp\/v2\/posts\/2349\/revisions\/2351"}],"wp:featuredmedia":[{"embeddable":true,"href":"https:\/\/ppgecpan.ufms.br\/en\/wp-json\/wp\/v2\/media\/2350"}],"wp:attachment":[{"href":"https:\/\/ppgecpan.ufms.br\/en\/wp-json\/wp\/v2\/media?parent=2349"}],"wp:term":[{"taxonomy":"category","embeddable":true,"href":"https:\/\/ppgecpan.ufms.br\/en\/wp-json\/wp\/v2\/categories?post=2349"},{"taxonomy":"post_tag","embeddable":true,"href":"https:\/\/ppgecpan.ufms.br\/en\/wp-json\/wp\/v2\/tags?post=2349"},{"taxonomy":"author","embeddable":true,"href":"https:\/\/ppgecpan.ufms.br\/en\/wp-json\/wp\/v2\/coauthors?post=2349"}],"curies":[{"name":"wp","href":"https:\/\/api.w.org\/{rel}","templated":true}]}}