{"id":2356,"date":"2016-11-17T09:47:29","date_gmt":"2016-11-17T13:47:29","guid":{"rendered":"http:\/\/ppgecpan.draconis.ufms.br\/?p=2356"},"modified":"2016-11-17T09:47:29","modified_gmt":"2016-11-17T13:47:29","slug":"selecao-de-alunos-especiais-2016-2-lista-de-candidatos-com-inscricao-deferida-2","status":"publish","type":"post","link":"https:\/\/ppgecpan.ufms.br\/en\/selecao-de-alunos-especiais-2016-2-lista-de-candidatos-com-inscricao-deferida-2\/","title":{"rendered":"Sele\u00e7\u00e3o de Alunos Especiais 2016.2 &#8211; Lista de candidatos com inscri\u00e7\u00e3o deferida"},"content":{"rendered":"<p><strong>ATEN\u00c7\u00c3O: A DATA DA MATR\u00cdCULA SER\u00c1 S\u00d3 NO DIA 18 DE NOVEMBRO DE 2016, DAS 07H30 \u00c0S 11H E DAS 13H30 \u00c0S 17H.<\/strong><\/p>\n<p><strong>\u00a0<\/strong><\/p>\n<p><strong>DOCUMENTOS PARA MATR\u00cdCULA:<\/strong><\/p>\n<p>\u2013 Os candidatos que tiveram sua\u00a0<strong> inscri\u00e7\u00e3o deferida<\/strong>\u00a0dever\u00e3o comparecer na secretaria do PPGE (Rua Domingos Sahib, 99, Bairro Cervejaria, em frente ao Centro de Conven\u00e7\u00f5es), no dia 18 de novembro para efetuar matr\u00edcula com o Requerimento de Matr\u00edcula, em anexo, preenchido e assinado e original e c\u00f3pia ou c\u00f3pia autenticada de: CERTID\u00c3O DE NASCIMENTO OU CASAMENTO, RG, CPF, T\u00cdTULO DE ELEITOR, CERTIFICADO DE CONCLUS\u00c3O DE GRADUA\u00c7\u00c3O OU DIPLOMA E CERTIFICADO DE RESERVISTA.<\/p>\n<p><strong>\u00a0<\/strong><\/p>\n<p><strong>Candidatos com inscri\u00e7\u00e3o deferida<\/strong><\/p>\n<p>Amarilda Monteiro<\/p>\n<p>Suellen Pereira da Costa<\/p>\n<p>&nbsp;<\/p>\n<p><u>Segue em anexo a bibliografia de leitura obrigat\u00f3ria:<\/u><\/p>\n<p><u><a href=\"http:\/\/ppgecpan.draconis.ufms.br\/files\/2016\/11\/Acu\u00f1a-et-al-2014.pdf\" target=\"_blank\">acuna-et-al-2014<\/a> <\/u><\/p>\n<p><u><a href=\"http:\/\/ppgecpan.draconis.ufms.br\/files\/2016\/11\/Art\u00edculo-Art-AfL-Three-dimensional-absence-impreso.pdf\" target=\"_blank\">articulo-art-afl-three-dimensional-absence-impreso<\/a> <\/u><\/p>\n<p><u><a href=\"http:\/\/ppgecpan.draconis.ufms.br\/files\/2016\/11\/Bellei-Cabalin-et-al-2014.pdf\" target=\"_blank\">bellei-cabalin-et-al-2014<\/a> <\/u><\/p>\n<p><u><a href=\"http:\/\/ppgecpan.draconis.ufms.br\/files\/2016\/11\/Cabal\u00edn-2013.pdf\" target=\"_blank\">cabalin-2013<\/a> <\/u><\/p>\n<p><u><a href=\"http:\/\/ppgecpan.draconis.ufms.br\/files\/2016\/11\/Corbal\u00e1n-et-al-2015.pdf\" target=\"_blank\">corbalan-et-al-2015<\/a> <\/u><\/p>\n<p><u><a href=\"http:\/\/ppgecpan.draconis.ufms.br\/files\/2016\/11\/Corbal\u00e1n-y-Rom\u00e1n-2012.pdf\" target=\"_blank\">corbalan-y-roman-2012<\/a> <\/u><\/p>\n<p><u><a href=\"http:\/\/ppgecpan.draconis.ufms.br\/files\/2016\/11\/Falabella_2014_A.pdf\" target=\"_blank\">falabella_2014_a<\/a> <\/u><\/p>\n<p><u><a href=\"http:\/\/ppgecpan.draconis.ufms.br\/files\/2016\/11\/Falabella_2014_B.pdf\" target=\"_blank\">falabella_2014_b<\/a> <\/u><\/p>\n<p><u><a href=\"http:\/\/ppgecpan.draconis.ufms.br\/files\/2016\/11\/Fardella_Sisto_Nuevas_formas_de_control_en_la_profesion_docente.pdf\" target=\"_blank\">fardella_sisto_nuevas_formas_de_control_en_la_profesion_docente<\/a> <\/u><\/p>\n<p><u><a href=\"http:\/\/ppgecpan.draconis.ufms.br\/files\/2016\/11\/Psicoperspectivas-impreso-final.pdf\" target=\"_blank\">psicoperspectivas-impreso-final<\/a> <\/u><\/p>\n<p><u><a href=\"http:\/\/ppgecpan.draconis.ufms.br\/files\/2016\/11\/Rojas-y-Leyton-2014.pdf\" target=\"_blank\">rojas-y-leyton-2014<\/a><\/u><\/p>\n<p>&nbsp;<\/p>\n<p>Em caso de d\u00favidas, entrar em contato com a Secretaria.<\/p>\n<p>Telf.: (67) 3234-6214 ou (67) 3234-6212.<\/p>\n<p>Email:\u00a0<a href=\"mailto:ppge.cpan@ufms.br\">ppge.cpan@ufms.br<\/a><\/p>\n","protected":false},"excerpt":{"rendered":"<p>ATEN\u00c7\u00c3O: A DATA DA MATR\u00cdCULA SER\u00c1 S\u00d3 NO DIA 18 DE NOVEMBRO DE 2016, DAS 07H30 \u00c0S 11H E DAS 13H30 \u00c0S 17H. \u00a0 DOCUMENTOS PARA MATR\u00cdCULA: \u2013 Os candidatos que tiveram sua\u00a0 inscri\u00e7\u00e3o deferida\u00a0dever\u00e3o comparecer na secretaria do PPGE (Rua Domingos Sahib, 99, Bairro Cervejaria, em frente ao Centro de Conven\u00e7\u00f5es), no dia 18 [&hellip;]<\/p>\n","protected":false},"author":2660,"featured_media":2113,"comment_status":"closed","ping_status":"open","sticky":false,"template":"","format":"standard","meta":{"footnotes":""},"categories":[17,1],"tags":[],"coauthors":[],"class_list":["post-2356","post","type-post","status-publish","format-standard","has-post-thumbnail","hentry","category-destaques","category-noticias"],"_links":{"self":[{"href":"https:\/\/ppgecpan.ufms.br\/en\/wp-json\/wp\/v2\/posts\/2356","targetHints":{"allow":["GET"]}}],"collection":[{"href":"https:\/\/ppgecpan.ufms.br\/en\/wp-json\/wp\/v2\/posts"}],"about":[{"href":"https:\/\/ppgecpan.ufms.br\/en\/wp-json\/wp\/v2\/types\/post"}],"author":[{"embeddable":true,"href":"https:\/\/ppgecpan.ufms.br\/en\/wp-json\/wp\/v2\/users\/2660"}],"replies":[{"embeddable":true,"href":"https:\/\/ppgecpan.ufms.br\/en\/wp-json\/wp\/v2\/comments?post=2356"}],"version-history":[{"count":1,"href":"https:\/\/ppgecpan.ufms.br\/en\/wp-json\/wp\/v2\/posts\/2356\/revisions"}],"predecessor-version":[{"id":2368,"href":"https:\/\/ppgecpan.ufms.br\/en\/wp-json\/wp\/v2\/posts\/2356\/revisions\/2368"}],"wp:featuredmedia":[{"embeddable":true,"href":"https:\/\/ppgecpan.ufms.br\/en\/wp-json\/wp\/v2\/media\/2113"}],"wp:attachment":[{"href":"https:\/\/ppgecpan.ufms.br\/en\/wp-json\/wp\/v2\/media?parent=2356"}],"wp:term":[{"taxonomy":"category","embeddable":true,"href":"https:\/\/ppgecpan.ufms.br\/en\/wp-json\/wp\/v2\/categories?post=2356"},{"taxonomy":"post_tag","embeddable":true,"href":"https:\/\/ppgecpan.ufms.br\/en\/wp-json\/wp\/v2\/tags?post=2356"},{"taxonomy":"author","embeddable":true,"href":"https:\/\/ppgecpan.ufms.br\/en\/wp-json\/wp\/v2\/coauthors?post=2356"}],"curies":[{"name":"wp","href":"https:\/\/api.w.org\/{rel}","templated":true}]}}