{"id":2374,"date":"2016-11-17T18:56:36","date_gmt":"2016-11-17T22:56:36","guid":{"rendered":"http:\/\/ppgecpan.draconis.ufms.br\/?p=2374"},"modified":"2017-09-28T15:24:06","modified_gmt":"2017-09-28T19:24:06","slug":"convite-palestra-neo-liberalismo-y-sistemas-de-evaluacion-en-chile-impacto-en-la-educacion-primaria-secundaria-y-superior","status":"publish","type":"post","link":"https:\/\/ppgecpan.ufms.br\/en\/convite-palestra-neo-liberalismo-y-sistemas-de-evaluacion-en-chile-impacto-en-la-educacion-primaria-secundaria-y-superior\/","title":{"rendered":"Convite PPGE\/CPAN: Palestra &#8220;NEO-LIBERALISMO Y SISTEMAS DE EVALUACI\u00d3N EN CHILE: IMPACTO EN LA EDUCACI\u00d3N PRIMARIA, SECUNDARIA Y SUPERIOR&#8221;"},"content":{"rendered":"<p>O PPGE\/CPAN convida a comunidade acad\u00eamica para a palestra: <strong>&#8220;NEO-LIBERALISMO Y SISTEMAS DE EVALUACI\u00d3N EN CHILE: IMPACTO EN LA EDUCACI\u00d3N PRIMARIA, SECUNDARIA Y SUPERIOR&#8221;, <\/strong>a ser proferida pela Professora Doutora\u00a0<u>Maria Teresa Fl\u00f3rez Petour<\/u> \u00a0da Universidade do Chile.<\/p>\n<p>Data:\u00a0<strong>24\/11\/2016 (quinta-feira)<\/strong><\/p>\n<p>Hor\u00e1rio: 18h30<\/p>\n<p>Local: Audit\u00f3rio da Unidade III (Porto Geral).<\/p>\n<p>&nbsp;<\/p>\n<p>Fa\u00e7a sua inscri\u00e7\u00e3o no link: <a href=\"http:\/\/www.docs.google.com\/forms\/d\/e\/1FAIpQLSfOl9g6jns3Lb-wYZrlRmDeMU57A7PuepOrrxOJWqWXRA_f6w\/viewform\" target=\"_blank\" rel=\"noopener noreferrer\">www.docs.google.com\/forms\/d\/e\/1FAIpQLSfOl9g6jns3Lb-wYZrlRmDeMU57A7PuepOrrxOJWqWXRA_f6w\/viewform<\/a><\/p>\n<div>Apoio FUNDECT\/PAPOS\/CAPES<\/div>\n","protected":false},"excerpt":{"rendered":"<p>O PPGE\/CPAN convida a comunidade acad\u00eamica para a palestra: &#8220;NEO-LIBERALISMO Y SISTEMAS DE EVALUACI\u00d3N EN CHILE: IMPACTO EN LA EDUCACI\u00d3N PRIMARIA, SECUNDARIA Y SUPERIOR&#8221;, a ser proferida pela Professora Doutora\u00a0Maria Teresa Fl\u00f3rez Petour \u00a0da Universidade do Chile. Data:\u00a024\/11\/2016 (quinta-feira) Hor\u00e1rio: 18h30 Local: Audit\u00f3rio da Unidade III (Porto Geral). &nbsp; Fa\u00e7a sua inscri\u00e7\u00e3o no link: www.docs.google.com\/forms\/d\/e\/1FAIpQLSfOl9g6jns3Lb-wYZrlRmDeMU57A7PuepOrrxOJWqWXRA_f6w\/viewform [&hellip;]<\/p>\n","protected":false},"author":2660,"featured_media":2375,"comment_status":"closed","ping_status":"open","sticky":false,"template":"","format":"standard","meta":{"footnotes":""},"categories":[17,38,1],"tags":[],"coauthors":[],"class_list":["post-2374","post","type-post","status-publish","format-standard","has-post-thumbnail","hentry","category-destaques","category-eventos-internos","category-noticias"],"_links":{"self":[{"href":"https:\/\/ppgecpan.ufms.br\/en\/wp-json\/wp\/v2\/posts\/2374","targetHints":{"allow":["GET"]}}],"collection":[{"href":"https:\/\/ppgecpan.ufms.br\/en\/wp-json\/wp\/v2\/posts"}],"about":[{"href":"https:\/\/ppgecpan.ufms.br\/en\/wp-json\/wp\/v2\/types\/post"}],"author":[{"embeddable":true,"href":"https:\/\/ppgecpan.ufms.br\/en\/wp-json\/wp\/v2\/users\/2660"}],"replies":[{"embeddable":true,"href":"https:\/\/ppgecpan.ufms.br\/en\/wp-json\/wp\/v2\/comments?post=2374"}],"version-history":[{"count":3,"href":"https:\/\/ppgecpan.ufms.br\/en\/wp-json\/wp\/v2\/posts\/2374\/revisions"}],"predecessor-version":[{"id":2920,"href":"https:\/\/ppgecpan.ufms.br\/en\/wp-json\/wp\/v2\/posts\/2374\/revisions\/2920"}],"wp:featuredmedia":[{"embeddable":true,"href":"https:\/\/ppgecpan.ufms.br\/en\/wp-json\/wp\/v2\/media\/2375"}],"wp:attachment":[{"href":"https:\/\/ppgecpan.ufms.br\/en\/wp-json\/wp\/v2\/media?parent=2374"}],"wp:term":[{"taxonomy":"category","embeddable":true,"href":"https:\/\/ppgecpan.ufms.br\/en\/wp-json\/wp\/v2\/categories?post=2374"},{"taxonomy":"post_tag","embeddable":true,"href":"https:\/\/ppgecpan.ufms.br\/en\/wp-json\/wp\/v2\/tags?post=2374"},{"taxonomy":"author","embeddable":true,"href":"https:\/\/ppgecpan.ufms.br\/en\/wp-json\/wp\/v2\/coauthors?post=2374"}],"curies":[{"name":"wp","href":"https:\/\/api.w.org\/{rel}","templated":true}]}}