{"id":2389,"date":"2017-01-02T12:01:12","date_gmt":"2017-01-02T16:01:12","guid":{"rendered":"http:\/\/ppgecpan.draconis.ufms.br\/?p=2389"},"modified":"2017-01-02T16:19:19","modified_gmt":"2017-01-02T20:19:19","slug":"revista-interespaco-convite-para-submissao-de-trabalhos","status":"publish","type":"post","link":"https:\/\/ppgecpan.ufms.br\/en\/revista-interespaco-convite-para-submissao-de-trabalhos\/","title":{"rendered":"Revista InterEspa\u00e7o: Convite para submiss\u00e3o de trabalhos"},"content":{"rendered":"<p>&nbsp;<\/p>\n<p>A\u00a0<a href=\"http:\/\/www.periodicoseletronicos.ufma.br\/index.php\/interespaco\" target=\"_blank\">InterEspa\u00e7o: Revista de Geografia e Interdisciplinaridade<\/a>\u00a0est\u00e1 com chamada aberta para a submiss\u00e3o de trabalhos (artigos, resenhas, notas de pesquisas, relatos de experi\u00eancias)\u00a0<strong>at\u00e9 o dia 31 de janeiro de 2017<\/strong>. Estamos organizando um dossi\u00ea com a tem\u00e1tica &#8220;<strong>Di\u00e1logos Interdisciplinares em Psicologia da Educa\u00e7\u00e3o<\/strong>&#8221; e, com base nesta proposta, viemos convid\u00e1-lo\/la a enviar a sua contribui\u00e7\u00e3o, bem como nos ajudar na divulga\u00e7\u00e3o junto de seus orientandos e demais interessados nesta \u00e1rea. Os trabalhos poder\u00e3o ser redigidos em portugu\u00eas, ingl\u00eas ou espanhol e, se aprovados, ser\u00e3o publicados ainda no primeiro semestre de 2017. Todos os artigos aprovados receber\u00e3o um DOI (Digital Object Identifier).<\/p>\n<p>&nbsp;<\/p>\n<p>A submiss\u00e3o de trabalhos pode ser realizada atrav\u00e9s do site da revista, realizando o seu cadastro, ou enviada para o e-mail: &lt;<a href=\"mailto:revista.interespaco@gmail.com\">revista.interespaco@gmail.com<\/a>&gt;.<\/p>\n<p>&nbsp;<\/p>\n<p>A Revista InterEspa\u00e7o, de periodicidade quadrimestral, recebe ainda trabalhos em\u00a0<u>fluxo cont\u00ednuo<\/u>\u00a0nas seguintes \u00e1reas: Geografia, Sociologia, Filosofia, Hist\u00f3ria, Educa\u00e7\u00e3o, Ci\u00eancias Ambientais e \u00e1reas afins, cujas tem\u00e1ticas estejam de acordo com o escopo e foco do peri\u00f3dico.<\/p>\n<p>&nbsp;<\/p>\n<p>Acesse o nosso site para outras informa\u00e7\u00f5es, confira nossas publica\u00e7\u00f5es e as diretrizes aos autores!<\/p>\n<p>&nbsp;<\/p>\n<p>Atenciosamente,<\/p>\n<p>Prof. Marcos Nicolau Santos da Silva &#8211; Editor-chefe.<\/p>\n<p>Universidade Federal do Maranh\u00e3o &#8211; UFMA\/Campus de Graja\u00fa<\/p>\n<p>&nbsp;<\/p>\n<p><strong>Editores respons\u00e1veis pelo dossi\u00ea:<\/strong><\/p>\n<p>&nbsp;<\/p>\n<p>Prof. Ramon Luis de Santana Alc\u00e2ntara<\/p>\n<p>Profa. Neusani Oliveira Ives Felix<\/p>\n<p>Profa. Izeth Nascimento Barros<\/p>\n<p>Profa. Patr\u00edcia Costa Ata\u00edde<\/p>\n<p><a href=\"http:\/\/www.periodicoseletronicos.ufma.br\/index.php\/interespaco\" target=\"_blank\">http:\/\/www.periodicoseletronicos.ufma.br\/index.php\/interespaco<\/a><\/p>\n","protected":false},"excerpt":{"rendered":"<p>&nbsp; A\u00a0InterEspa\u00e7o: Revista de Geografia e Interdisciplinaridade\u00a0est\u00e1 com chamada aberta para a submiss\u00e3o de trabalhos (artigos, resenhas, notas de pesquisas, relatos de experi\u00eancias)\u00a0at\u00e9 o dia 31 de janeiro de 2017. Estamos organizando um dossi\u00ea com a tem\u00e1tica &#8220;Di\u00e1logos Interdisciplinares em Psicologia da Educa\u00e7\u00e3o&#8221; e, com base nesta proposta, viemos convid\u00e1-lo\/la a enviar a sua contribui\u00e7\u00e3o, [&hellip;]<\/p>\n","protected":false},"author":2660,"featured_media":968,"comment_status":"closed","ping_status":"open","sticky":false,"template":"","format":"standard","meta":{"footnotes":""},"categories":[37,17],"tags":[],"coauthors":[],"class_list":["post-2389","post","type-post","status-publish","format-standard","has-post-thumbnail","hentry","category-calls-for-publication","category-destaques"],"_links":{"self":[{"href":"https:\/\/ppgecpan.ufms.br\/en\/wp-json\/wp\/v2\/posts\/2389","targetHints":{"allow":["GET"]}}],"collection":[{"href":"https:\/\/ppgecpan.ufms.br\/en\/wp-json\/wp\/v2\/posts"}],"about":[{"href":"https:\/\/ppgecpan.ufms.br\/en\/wp-json\/wp\/v2\/types\/post"}],"author":[{"embeddable":true,"href":"https:\/\/ppgecpan.ufms.br\/en\/wp-json\/wp\/v2\/users\/2660"}],"replies":[{"embeddable":true,"href":"https:\/\/ppgecpan.ufms.br\/en\/wp-json\/wp\/v2\/comments?post=2389"}],"version-history":[{"count":1,"href":"https:\/\/ppgecpan.ufms.br\/en\/wp-json\/wp\/v2\/posts\/2389\/revisions"}],"predecessor-version":[{"id":2390,"href":"https:\/\/ppgecpan.ufms.br\/en\/wp-json\/wp\/v2\/posts\/2389\/revisions\/2390"}],"wp:featuredmedia":[{"embeddable":true,"href":"https:\/\/ppgecpan.ufms.br\/en\/wp-json\/wp\/v2\/media\/968"}],"wp:attachment":[{"href":"https:\/\/ppgecpan.ufms.br\/en\/wp-json\/wp\/v2\/media?parent=2389"}],"wp:term":[{"taxonomy":"category","embeddable":true,"href":"https:\/\/ppgecpan.ufms.br\/en\/wp-json\/wp\/v2\/categories?post=2389"},{"taxonomy":"post_tag","embeddable":true,"href":"https:\/\/ppgecpan.ufms.br\/en\/wp-json\/wp\/v2\/tags?post=2389"},{"taxonomy":"author","embeddable":true,"href":"https:\/\/ppgecpan.ufms.br\/en\/wp-json\/wp\/v2\/coauthors?post=2389"}],"curies":[{"name":"wp","href":"https:\/\/api.w.org\/{rel}","templated":true}]}}