{"id":2413,"date":"2017-02-14T14:25:45","date_gmt":"2017-02-14T18:25:45","guid":{"rendered":"https:\/\/ppgecpan.ufms.br\/?p=2413"},"modified":"2017-02-17T14:03:46","modified_gmt":"2017-02-17T18:03:46","slug":"convite-banca-de-defesa-de-dissertacao-daniel-mendes-da-silva-filho","status":"publish","type":"post","link":"https:\/\/ppgecpan.ufms.br\/en\/convite-banca-de-defesa-de-dissertacao-daniel-mendes-da-silva-filho\/","title":{"rendered":"Convite &#8211; Banca de Defesa de Disserta\u00e7\u00e3o &#8211; Daniel Mendes da Silva Filho"},"content":{"rendered":"<p>\u00c9\u00a0com prazer que convidamos\u00a0para a\u00a0Defesa de Disserta\u00e7\u00e3o\u00a0do mestrando\u00a0<strong>Daniel Mendes da Silva Filho,<\/strong><em><strong>\u00a0<\/strong><\/em><strong>\u00a0<\/strong>a ser realizada em\u00a0<strong>22\/02\/2017<\/strong>\u00a0\u00e0s<strong>\u00a015h<\/strong>, no\u00a0<span style=\"color: #000000\">Audit\u00f3rio da Unidade III, Campus do Pantanal<\/span><strong>.<\/strong><\/p>\n<p><span style=\"font-family: verdana, sans-serif\"><strong>\u00a0\u00a0<\/strong><\/span><\/p>\n<p><span style=\"font-family: verdana, sans-serif\">T\u00edtulo do Trabalho:\u00a0\u201c<\/span><span style=\"color: #222222;font-family: 'times new roman',serif;font-size: 12pt\">ACESSIBILIDADE: UMA AN\u00c1LISE DA EXIST\u00caNCIA DE BARREIRAS \u00c0 INCLUS\u00c3O DE ALUNOS COM DEFICI\u00caNCIA\/NEE, NA REDE MUNICIPAL DE ENSINO DE CORUMB\u00c1\/MS<\/span>\u201d<strong>.<\/strong><\/p>\n<p><em><span style=\"font-family: verdana, sans-serif\">\u00a0<\/span><\/em><\/p>\n<p><span style=\"font-family: verdana, sans-serif\">Comp\u00f5e a banca\u00a0as\u00a0<\/span><span style=\"color: #222222;font-family: 'times new roman',serif;font-size: 12pt\">Professoras Doutoras M\u00f4nica de Carvalho Magalh\u00e3es Kassar<\/span> <span style=\"color: #222222;font-family: 'times new roman',serif;font-size: 12pt\">\u2013 UFMS (Presidente), Andressa Santos Rebelo &#8211; UFMS (Membro Titular), <\/span><span style=\"color: #222222;font-family: 'times new roman',serif;font-size: 12pt\">Maria In\u00eas Naujorks \u2013 UFSM (Membro Titular), Celi Corr\u00eaa Neres &#8211; UEMS (Membro Titular) e Nesdete Mesquita Corr\u00eaa \u2013 UFMS (Membro Suplente).\u00a0<\/span><\/p>\n<p>&nbsp;<\/p>\n","protected":false},"excerpt":{"rendered":"<p>\u00c9\u00a0com prazer que convidamos\u00a0para a\u00a0Defesa de Disserta\u00e7\u00e3o\u00a0do mestrando\u00a0Daniel Mendes da Silva Filho,\u00a0\u00a0a ser realizada em\u00a022\/02\/2017\u00a0\u00e0s\u00a015h, no\u00a0Audit\u00f3rio da Unidade III, Campus do Pantanal. \u00a0\u00a0 T\u00edtulo do Trabalho:\u00a0\u201cACESSIBILIDADE: UMA AN\u00c1LISE DA EXIST\u00caNCIA DE BARREIRAS \u00c0 INCLUS\u00c3O DE ALUNOS COM DEFICI\u00caNCIA\/NEE, NA REDE MUNICIPAL DE ENSINO DE CORUMB\u00c1\/MS\u201d. \u00a0 Comp\u00f5e a banca\u00a0as\u00a0Professoras Doutoras M\u00f4nica de Carvalho Magalh\u00e3es Kassar [&hellip;]<\/p>\n","protected":false},"author":2660,"featured_media":2113,"comment_status":"closed","ping_status":"open","sticky":false,"template":"","format":"standard","meta":{"footnotes":""},"categories":[17,1],"tags":[],"coauthors":[],"class_list":["post-2413","post","type-post","status-publish","format-standard","has-post-thumbnail","hentry","category-destaques","category-noticias"],"_links":{"self":[{"href":"https:\/\/ppgecpan.ufms.br\/en\/wp-json\/wp\/v2\/posts\/2413","targetHints":{"allow":["GET"]}}],"collection":[{"href":"https:\/\/ppgecpan.ufms.br\/en\/wp-json\/wp\/v2\/posts"}],"about":[{"href":"https:\/\/ppgecpan.ufms.br\/en\/wp-json\/wp\/v2\/types\/post"}],"author":[{"embeddable":true,"href":"https:\/\/ppgecpan.ufms.br\/en\/wp-json\/wp\/v2\/users\/2660"}],"replies":[{"embeddable":true,"href":"https:\/\/ppgecpan.ufms.br\/en\/wp-json\/wp\/v2\/comments?post=2413"}],"version-history":[{"count":3,"href":"https:\/\/ppgecpan.ufms.br\/en\/wp-json\/wp\/v2\/posts\/2413\/revisions"}],"predecessor-version":[{"id":2442,"href":"https:\/\/ppgecpan.ufms.br\/en\/wp-json\/wp\/v2\/posts\/2413\/revisions\/2442"}],"wp:featuredmedia":[{"embeddable":true,"href":"https:\/\/ppgecpan.ufms.br\/en\/wp-json\/wp\/v2\/media\/2113"}],"wp:attachment":[{"href":"https:\/\/ppgecpan.ufms.br\/en\/wp-json\/wp\/v2\/media?parent=2413"}],"wp:term":[{"taxonomy":"category","embeddable":true,"href":"https:\/\/ppgecpan.ufms.br\/en\/wp-json\/wp\/v2\/categories?post=2413"},{"taxonomy":"post_tag","embeddable":true,"href":"https:\/\/ppgecpan.ufms.br\/en\/wp-json\/wp\/v2\/tags?post=2413"},{"taxonomy":"author","embeddable":true,"href":"https:\/\/ppgecpan.ufms.br\/en\/wp-json\/wp\/v2\/coauthors?post=2413"}],"curies":[{"name":"wp","href":"https:\/\/api.w.org\/{rel}","templated":true}]}}