{"id":2417,"date":"2017-02-14T15:20:59","date_gmt":"2017-02-14T19:20:59","guid":{"rendered":"https:\/\/ppgecpan.ufms.br\/?p=2417"},"modified":"2017-02-14T15:20:59","modified_gmt":"2017-02-14T19:20:59","slug":"convite-banca-de-defesa-de-dissertacao-yaneth-duran-baron","status":"publish","type":"post","link":"https:\/\/ppgecpan.ufms.br\/en\/convite-banca-de-defesa-de-dissertacao-yaneth-duran-baron\/","title":{"rendered":"Convite &#8211; Banca de Defesa de Disserta\u00e7\u00e3o &#8211; Yaneth Dur\u00e1n Bar\u00f3n"},"content":{"rendered":"<p><span style=\"font-family: verdana, sans-serif\"><span style=\"color: #000000\">\u00c9\u00a0com prazer que convidamos\u00a0para a\u00a0D<\/span>efesa de Disserta\u00e7\u00e3o<span style=\"color: #000000\">\u00a0da mestranda\u00a0<\/span><\/span><b><span style=\"font-family: 'times new roman',serif;font-size: 12pt\">Yaneth Dur\u00e1n Bar\u00f3n<\/span><\/b><span style=\"font-family: verdana, sans-serif\"><strong>,<\/strong><em><strong>\u00a0<\/strong><\/em><strong>\u00a0<\/strong><span style=\"color: #000000\">a ser realizada em\u00a0<b>20<\/b><\/span><strong>\/02\/2017<\/strong><span style=\"color: #000000\">\u00a0\u00e0s<b>\u00a010<\/b><\/span><strong>h<\/strong><span style=\"color: #000000\">, no\u00a0<\/span><span style=\"color: #000000\">Audit\u00f3rio da Unidade III, Campus do Pantanal<\/span><strong>.<\/strong><\/span><\/p>\n<p><span style=\"font-family: verdana, sans-serif\"><strong>\u00a0<\/strong><strong>\u00a0<\/strong><\/span><\/p>\n<p><span style=\"font-family: verdana, sans-serif\">T\u00edtulo do Trabalho:\u00a0\u201c<\/span><span style=\"font-family: 'times new roman',serif;font-size: 12pt\">MENINAS DA GUERRILHA: G\u00caNERO E EDUCA\u00c7\u00c3O EM SITUA\u00c7\u00c3O DE CONFLITO ARMADO NA COL\u00d4MBIA<\/span>\u201d<b>.<\/b><\/p>\n<p><em><span style=\"font-family: verdana, sans-serif\">\u00a0<\/span><\/em><\/p>\n<p><span style=\"font-family: verdana, sans-serif\">Comp\u00f5e a banca\u00a0as\u00a0<\/span><span style=\"color: #222222;font-family: 'times new roman',serif;font-size: 12pt\">Professoras Doutoras <\/span><span style=\"color: #222222;font-family: 'times new roman',serif;font-size: 12pt\">Cl\u00e1udia Ara\u00fajo de Lima<\/span> <span style=\"color: #222222;font-family: 'times new roman',serif;font-size: 12pt\">\u2013 UFMS (Presidente), Montserrat Sagot Rodriguez <\/span><span style=\"color: #222222;font-family: 'times new roman',serif;font-size: 12pt\">\u2013 Universidad de Costa Rica<\/span><span style=\"color: #222222;font-family: 'times new roman',serif;font-size: 12pt\"> (Membro Titular), M\u00f4nica de Carvalho Magalh\u00e3es Kassar <\/span><span style=\"color: #222222;font-family: 'times new roman',serif;font-size: 12pt\">&#8211; UFMS (Membro Titular) e Nesdete Mesquita Corr\u00eaa \u2013 UFMS (Membro Suplente).\u00a0<\/span><\/p>\n","protected":false},"excerpt":{"rendered":"<p>\u00c9\u00a0com prazer que convidamos\u00a0para a\u00a0Defesa de Disserta\u00e7\u00e3o\u00a0da mestranda\u00a0Yaneth Dur\u00e1n Bar\u00f3n,\u00a0\u00a0a ser realizada em\u00a020\/02\/2017\u00a0\u00e0s\u00a010h, no\u00a0Audit\u00f3rio da Unidade III, Campus do Pantanal. \u00a0\u00a0 T\u00edtulo do Trabalho:\u00a0\u201cMENINAS DA GUERRILHA: G\u00caNERO E EDUCA\u00c7\u00c3O EM SITUA\u00c7\u00c3O DE CONFLITO ARMADO NA COL\u00d4MBIA\u201d. \u00a0 Comp\u00f5e a banca\u00a0as\u00a0Professoras Doutoras Cl\u00e1udia Ara\u00fajo de Lima \u2013 UFMS (Presidente), Montserrat Sagot Rodriguez \u2013 Universidad de Costa [&hellip;]<\/p>\n","protected":false},"author":2660,"featured_media":108,"comment_status":"closed","ping_status":"open","sticky":false,"template":"","format":"standard","meta":{"footnotes":""},"categories":[17,1],"tags":[],"coauthors":[],"class_list":["post-2417","post","type-post","status-publish","format-standard","has-post-thumbnail","hentry","category-destaques","category-noticias"],"_links":{"self":[{"href":"https:\/\/ppgecpan.ufms.br\/en\/wp-json\/wp\/v2\/posts\/2417","targetHints":{"allow":["GET"]}}],"collection":[{"href":"https:\/\/ppgecpan.ufms.br\/en\/wp-json\/wp\/v2\/posts"}],"about":[{"href":"https:\/\/ppgecpan.ufms.br\/en\/wp-json\/wp\/v2\/types\/post"}],"author":[{"embeddable":true,"href":"https:\/\/ppgecpan.ufms.br\/en\/wp-json\/wp\/v2\/users\/2660"}],"replies":[{"embeddable":true,"href":"https:\/\/ppgecpan.ufms.br\/en\/wp-json\/wp\/v2\/comments?post=2417"}],"version-history":[{"count":1,"href":"https:\/\/ppgecpan.ufms.br\/en\/wp-json\/wp\/v2\/posts\/2417\/revisions"}],"predecessor-version":[{"id":2418,"href":"https:\/\/ppgecpan.ufms.br\/en\/wp-json\/wp\/v2\/posts\/2417\/revisions\/2418"}],"wp:featuredmedia":[{"embeddable":true,"href":"https:\/\/ppgecpan.ufms.br\/en\/wp-json\/wp\/v2\/media\/108"}],"wp:attachment":[{"href":"https:\/\/ppgecpan.ufms.br\/en\/wp-json\/wp\/v2\/media?parent=2417"}],"wp:term":[{"taxonomy":"category","embeddable":true,"href":"https:\/\/ppgecpan.ufms.br\/en\/wp-json\/wp\/v2\/categories?post=2417"},{"taxonomy":"post_tag","embeddable":true,"href":"https:\/\/ppgecpan.ufms.br\/en\/wp-json\/wp\/v2\/tags?post=2417"},{"taxonomy":"author","embeddable":true,"href":"https:\/\/ppgecpan.ufms.br\/en\/wp-json\/wp\/v2\/coauthors?post=2417"}],"curies":[{"name":"wp","href":"https:\/\/api.w.org\/{rel}","templated":true}]}}