{"id":2419,"date":"2017-02-14T15:25:33","date_gmt":"2017-02-14T19:25:33","guid":{"rendered":"https:\/\/ppgecpan.ufms.br\/?p=2419"},"modified":"2017-02-15T20:29:35","modified_gmt":"2017-02-16T00:29:35","slug":"encontro-preparatorio-para-o-iii-simposio-de-genero-e-sexualidade-religioes-midias-e-corporalidades-e-i-congresso-nacional-de-genero-e-sexualidade-de-mato-grosso-do-sul","status":"publish","type":"post","link":"https:\/\/ppgecpan.ufms.br\/en\/encontro-preparatorio-para-o-iii-simposio-de-genero-e-sexualidade-religioes-midias-e-corporalidades-e-i-congresso-nacional-de-genero-e-sexualidade-de-mato-grosso-do-sul\/","title":{"rendered":"ENCONTRO PREPARAT\u00d3RIO PARA O III SIMP\u00d3SIO DE G\u00caNERO E SEXUALIDADE \u2013 RELIGI\u00d5ES, M\u00cdDIAS E CORPORALIDADES E I CONGRESSO NACIONAL DE G\u00caNERO E SEXUALIDADE DE MATO GROSSO DO SUL"},"content":{"rendered":"<p><strong>09 E 10 DE MAR\u00c7O DE 2017 \u2013 ANFITEATRO SALOM\u00c3O BARUKI (CPAN\/UFMS)<\/strong><\/p>\n<p><strong>Programa\u00e7\u00e3o: <\/strong><\/p>\n<p><strong>09\/03\/17, \u00e0s 18:30hs, no Audit\u00f3rio Salom\u00e3o Baruki &#8211; Mesa 1: Mulheres e rela\u00e7\u00f5es de g\u00eanero<\/strong> &#8211; O movimento feminista e a categoria g\u00eanero: Profa. Dra. Ana Maria Gomes (Professora do curso de Ci\u00eancias Sociais\/CCHS\/UFMS e coordenadora do NEG\/UFMS) &#8211; As representa\u00e7\u00f5es sociais do feminino: Profa Ma Vivian da Veiga Silva (Professora CPAN\/UFMS e pesquisadora do NEG\/UFMS) &#8211; Coordenadora da mesa: Profa Dra Nathalia Monseff Junqueira (Professora do curso de Hist\u00f3ria\/CPAN\/UFMS<\/p>\n<p><strong>10\/03\/17, \u00e0s 18:30hs, no Audit\u00f3rio Salom\u00e3o Baruki- Mesa 2: Religi\u00e3o, m\u00eddias e sexualidade<\/strong> &#8211; Pol\u00edtica, neopentecostalismo evang\u00e9lico e as quest\u00f5es de g\u00eanero e sexualidade: Prof. Dr. Aparecido Francisco dos Reis (Professor do curso de Ci\u00eancias Sociais\/CCHS\/UFMS e coordenador do LEVS\/UFMS) &#8211; A produ\u00e7\u00e3o f\u00edlmica nacional e a desestabiliza\u00e7\u00e3o da linearidade sexo- g\u00eanero-orienta\u00e7\u00e3o: Prof Me Fl\u00e1vio Adriano Nantes Nunes (Professor do curso de Letras\/CCHS\/UFMS e pesquisador do LEVS\/UFMS) &#8211; Coordenadora da mesa: Profa Ma Vivian da Veiga Silva (Professora CPAN\/UFMS e pesquisadora do NEG\/UFMS)<br \/>\nRealiza\u00e7\u00e3o: NEG\/UFMS e LEVS\/UFMS<\/p>\n","protected":false},"excerpt":{"rendered":"<p>09 E 10 DE MAR\u00c7O DE 2017 \u2013 ANFITEATRO SALOM\u00c3O BARUKI (CPAN\/UFMS) Programa\u00e7\u00e3o: 09\/03\/17, \u00e0s 18:30hs, no Audit\u00f3rio Salom\u00e3o Baruki &#8211; Mesa 1: Mulheres e rela\u00e7\u00f5es de g\u00eanero &#8211; O movimento feminista e a categoria g\u00eanero: Profa. Dra. Ana Maria Gomes (Professora do curso de Ci\u00eancias Sociais\/CCHS\/UFMS e coordenadora do NEG\/UFMS) &#8211; As representa\u00e7\u00f5es sociais [&hellip;]<\/p>\n","protected":false},"author":2660,"featured_media":1620,"comment_status":"closed","ping_status":"open","sticky":false,"template":"","format":"standard","meta":{"footnotes":""},"categories":[17,10,38,1],"tags":[],"coauthors":[],"class_list":["post-2419","post","type-post","status-publish","format-standard","has-post-thumbnail","hentry","category-destaques","category-eventos","category-eventos-internos","category-noticias"],"_links":{"self":[{"href":"https:\/\/ppgecpan.ufms.br\/en\/wp-json\/wp\/v2\/posts\/2419","targetHints":{"allow":["GET"]}}],"collection":[{"href":"https:\/\/ppgecpan.ufms.br\/en\/wp-json\/wp\/v2\/posts"}],"about":[{"href":"https:\/\/ppgecpan.ufms.br\/en\/wp-json\/wp\/v2\/types\/post"}],"author":[{"embeddable":true,"href":"https:\/\/ppgecpan.ufms.br\/en\/wp-json\/wp\/v2\/users\/2660"}],"replies":[{"embeddable":true,"href":"https:\/\/ppgecpan.ufms.br\/en\/wp-json\/wp\/v2\/comments?post=2419"}],"version-history":[{"count":2,"href":"https:\/\/ppgecpan.ufms.br\/en\/wp-json\/wp\/v2\/posts\/2419\/revisions"}],"predecessor-version":[{"id":2421,"href":"https:\/\/ppgecpan.ufms.br\/en\/wp-json\/wp\/v2\/posts\/2419\/revisions\/2421"}],"wp:featuredmedia":[{"embeddable":true,"href":"https:\/\/ppgecpan.ufms.br\/en\/wp-json\/wp\/v2\/media\/1620"}],"wp:attachment":[{"href":"https:\/\/ppgecpan.ufms.br\/en\/wp-json\/wp\/v2\/media?parent=2419"}],"wp:term":[{"taxonomy":"category","embeddable":true,"href":"https:\/\/ppgecpan.ufms.br\/en\/wp-json\/wp\/v2\/categories?post=2419"},{"taxonomy":"post_tag","embeddable":true,"href":"https:\/\/ppgecpan.ufms.br\/en\/wp-json\/wp\/v2\/tags?post=2419"},{"taxonomy":"author","embeddable":true,"href":"https:\/\/ppgecpan.ufms.br\/en\/wp-json\/wp\/v2\/coauthors?post=2419"}],"curies":[{"name":"wp","href":"https:\/\/api.w.org\/{rel}","templated":true}]}}