{"id":2436,"date":"2017-02-14T15:30:32","date_gmt":"2017-02-14T19:30:32","guid":{"rendered":"https:\/\/ppgecpan.ufms.br\/?p=2436"},"modified":"2017-02-16T18:57:03","modified_gmt":"2017-02-16T22:57:03","slug":"iii-simposio-de-trabalho-de-conclusao-de-curso-pedagogia-cpan","status":"publish","type":"post","link":"https:\/\/ppgecpan.ufms.br\/en\/iii-simposio-de-trabalho-de-conclusao-de-curso-pedagogia-cpan\/","title":{"rendered":"III SIMP\u00d3SIO DE TRABALHO DE CONCLUS\u00c3O DE CURSO &#8211; PEDAGOGIA CPAN"},"content":{"rendered":"<div>Nos dias 29, 30 e <span id=\"OBJ_PREFIX_DWT46_com_zimbra_date\" class=\"Object\">31 de Mar<\/span>\u00e7o vai acontecer o III Simp\u00f3sio de Trabalho de Conclus\u00e3o de Curso da Pedagogia do CPAN. O evento tamb\u00e9m marcar\u00e1 o in\u00edcio das comemora\u00e7\u00f5es dos 50 anos do Curso de Pedagogia.<\/div>\n<div><\/div>\n<div>O evento <span id=\"OBJ_PREFIX_DWT47_com_zimbra_date\" class=\"Object\">ter<\/span>\u00e1 a participa\u00e7\u00e3o da Profa. Dra. Cynthia Paes de Carvalho da PUC-RIO. As mesas redondas ser\u00e3o conduzidas pelos alunos do 8\u00ba semestre do Curso de Pedagogia do CPAN.<\/div>\n<div><\/div>\n<div>Os alunos (de todas as licenciaturas) que est\u00e3o em fase de constru\u00e7\u00e3o do TCC podem inscrever seus trabalhos para apresentar em formato de P\u00f4ster. As inscri\u00e7\u00f5es com apresenta\u00e7\u00e3o de trabalho v\u00e3o at\u00e9 dia <span id=\"OBJ_PREFIX_DWT48_com_zimbra_date\" class=\"Object\">5 de Mar<\/span>\u00e7o. E para participa\u00e7\u00e3o como ouvinte at\u00e9 dia <span id=\"OBJ_PREFIX_DWT49_com_zimbra_date\" class=\"Object\">25 de Mar<\/span>\u00e7o ou enquanto houver vagas.<\/div>\n<div><\/div>\n<div>\n<div>Site do evento:<\/div>\n<div><a href=\"https:\/\/sites.google.com\/view\/simposiotccpedagogia\" target=\"_blank\">https:\/\/sites.google.com\/view\/simposiotccpedagogia<\/a><\/div>\n<div><\/div>\n<div>P\u00e1gina do evento no Facebook:<\/div>\n<div><a href=\"https:\/\/www.facebook.com\/events\/1711687349121619\/\" target=\"_blank\">https:\/\/www.facebook.com\/events\/1711687349121619\/<\/a><\/div>\n<\/div>\n<div><\/div>\n<div>Organiza\u00e7\u00e3o do evento:<\/div>\n<div>Coordenadora:<\/div>\n<div>\n<section id=\"h.p_Sp0WWXdmWZPa\" class=\"yaqOZd qeLZfd\">\n<div class=\"mYVXT\">\n<div class=\"LS81yb VICjCf\">\n<div class=\"hJDwNd-AhqUyc-uQSCkd JNdkSc\">\n<div class=\"oKdM2c\">\n<div id=\"h.p__sZY3_moWZPI\" class=\"hJDwNd-AhqUyc-zQtlcf jXK9ad D2fZ2 GNzUNc\">\n<div class=\"jXK9ad-SmKAyb jXK9ad-SmKAyb-c4YZDc\">\n<div class=\"tyJCtd mGzaTb baZpAe\">\n<p id=\"h.p_Q3tmS1a0WaNa\" class=\"zfr3Q\">Profa. Daiani Damm Tonetto Riedner<\/p>\n<p class=\"zfr3Q\">Colaboradoras:<\/p>\n<p id=\"h.p_D6o3k7z3Wf7D\" class=\"zfr3Q\">Profa. Ana Carolina Pontes Costa<\/p>\n<p id=\"h.p_YZUIesu1WioH\" class=\"zfr3Q\">Profa. Edelir Salom\u00e3o Garcia<\/p>\n<p id=\"h.p_iO6PR4P7WkPi\" class=\"zfr3Q\">Profa. Cl\u00e1udia Ara\u00fajo de Lima<\/p>\n<\/div>\n<\/div>\n<\/div>\n<div class=\"hJDwNd-AhqUyc-R6PoUb jXK9ad D2fZ2 L6cTce-purZT L6cTce-pSzOP\"><\/div>\n<\/div>\n<\/div>\n<\/div>\n<\/div>\n<\/section>\n<section id=\"h.p_W_vfbCryXMCi\" class=\"yaqOZd qeLZfd\">\n<div class=\"mYVXT\"><\/div>\n<\/section>\n<\/div>\n","protected":false},"excerpt":{"rendered":"<p>Nos dias 29, 30 e 31 de Mar\u00e7o vai acontecer o III Simp\u00f3sio de Trabalho de Conclus\u00e3o de Curso da Pedagogia do CPAN. O evento tamb\u00e9m marcar\u00e1 o in\u00edcio das comemora\u00e7\u00f5es dos 50 anos do Curso de Pedagogia. O evento ter\u00e1 a participa\u00e7\u00e3o da Profa. Dra. Cynthia Paes de Carvalho da PUC-RIO. As mesas redondas [&hellip;]<\/p>\n","protected":false},"author":2660,"featured_media":2437,"comment_status":"closed","ping_status":"open","sticky":false,"template":"","format":"standard","meta":{"footnotes":""},"categories":[17,38,1],"tags":[],"coauthors":[],"class_list":["post-2436","post","type-post","status-publish","format-standard","has-post-thumbnail","hentry","category-destaques","category-eventos-internos","category-noticias"],"_links":{"self":[{"href":"https:\/\/ppgecpan.ufms.br\/en\/wp-json\/wp\/v2\/posts\/2436","targetHints":{"allow":["GET"]}}],"collection":[{"href":"https:\/\/ppgecpan.ufms.br\/en\/wp-json\/wp\/v2\/posts"}],"about":[{"href":"https:\/\/ppgecpan.ufms.br\/en\/wp-json\/wp\/v2\/types\/post"}],"author":[{"embeddable":true,"href":"https:\/\/ppgecpan.ufms.br\/en\/wp-json\/wp\/v2\/users\/2660"}],"replies":[{"embeddable":true,"href":"https:\/\/ppgecpan.ufms.br\/en\/wp-json\/wp\/v2\/comments?post=2436"}],"version-history":[{"count":3,"href":"https:\/\/ppgecpan.ufms.br\/en\/wp-json\/wp\/v2\/posts\/2436\/revisions"}],"predecessor-version":[{"id":2440,"href":"https:\/\/ppgecpan.ufms.br\/en\/wp-json\/wp\/v2\/posts\/2436\/revisions\/2440"}],"wp:featuredmedia":[{"embeddable":true,"href":"https:\/\/ppgecpan.ufms.br\/en\/wp-json\/wp\/v2\/media\/2437"}],"wp:attachment":[{"href":"https:\/\/ppgecpan.ufms.br\/en\/wp-json\/wp\/v2\/media?parent=2436"}],"wp:term":[{"taxonomy":"category","embeddable":true,"href":"https:\/\/ppgecpan.ufms.br\/en\/wp-json\/wp\/v2\/categories?post=2436"},{"taxonomy":"post_tag","embeddable":true,"href":"https:\/\/ppgecpan.ufms.br\/en\/wp-json\/wp\/v2\/tags?post=2436"},{"taxonomy":"author","embeddable":true,"href":"https:\/\/ppgecpan.ufms.br\/en\/wp-json\/wp\/v2\/coauthors?post=2436"}],"curies":[{"name":"wp","href":"https:\/\/api.w.org\/{rel}","templated":true}]}}