{"id":2443,"date":"2017-02-17T15:54:35","date_gmt":"2017-02-17T19:54:35","guid":{"rendered":"https:\/\/ppgecpan.ufms.br\/?p=2443"},"modified":"2017-02-17T15:56:30","modified_gmt":"2017-02-17T19:56:30","slug":"selecao-de-alunos-especiais-2017-1-lista-de-candidatos-com-inscricao-deferida","status":"publish","type":"post","link":"https:\/\/ppgecpan.ufms.br\/en\/selecao-de-alunos-especiais-2017-1-lista-de-candidatos-com-inscricao-deferida\/","title":{"rendered":"Sele\u00e7\u00e3o de Alunos Especiais 2017.1: Lista de candidatos com inscri\u00e7\u00e3o deferida"},"content":{"rendered":"<p><strong>Sele\u00e7\u00e3o de Alunos Especiais 2017.1<\/strong><\/p>\n<p><strong>Lista de candidatos com inscri\u00e7\u00e3o deferida<\/strong><\/p>\n<p>&nbsp;<\/p>\n<p><strong>ATEN\u00c7\u00c3O: A DATA DA MATR\u00cdCULA SER\u00c1 S\u00d3 NO DIA 20 DE FEVEREIRO DE 2017, DAS 07H30 \u00c0S 11H E DAS 13H30 \u00c0S 17H.<\/strong><\/p>\n<p><strong>\u00a0<\/strong><\/p>\n<p><strong>DOCUMENTOS PARA MATR\u00cdCULA:<\/strong><\/p>\n<p>\u2013 Os candidatos que tiveram sua\u00a0<strong> inscri\u00e7\u00e3o deferida<\/strong>\u00a0dever\u00e3o comparecer na secretaria do PPGE (Rua Domingos Sahib, 99, Bairro Cervejaria, em frente ao Centro de Conven\u00e7\u00f5es), no dia 20 de fevereiro para efetuar matr\u00edcula com o <u>Requerimento de Matr\u00edcula<\/u>, <strong>em anexo<\/strong>, preenchido e assinado e original e c\u00f3pia ou c\u00f3pia autenticada de: CERTID\u00c3O DE NASCIMENTO OU CASAMENTO, RG, CPF, T\u00cdTULO DE ELEITOR, CERTIFICADO DE CONCLUS\u00c3O DE GRADUA\u00c7\u00c3O OU DIPLOMA E CERTIFICADO DE RESERVISTA.<\/p>\n<p><strong>\u00a0<\/strong><\/p>\n<p><strong>Disciplina: Avalia\u00e7\u00e3o em Pol\u00edticas P\u00fablicas e Programas \u2013 Prof.\u00aa Dr.\u00aa M\u00f4nica de Carvalho Magalh\u00e3es Kassar \u2013 \u00c0s quintas feiras, das 14h \u00e0s 18h.<\/strong><\/p>\n<p>Ana Laura Moreira de Moraes<\/p>\n<p>Andr\u00e9a Duarte de Oliveira<\/p>\n<p>Fl\u00e1via Pedrosa de Camargo<\/p>\n<p>Jocely Matos Rocha<\/p>\n<p>Marcela Oliveira de Farias<\/p>\n<p>Marcia Pires dos Santos<\/p>\n<p>Tatiele Quevedo Nardes Dornelles<\/p>\n<p>Viviane Vilanova Rodrigues<\/p>\n<p>&nbsp;<\/p>\n<p><strong>Disciplina: Doc\u00eancia como trabalho &#8211; Prof. Dr. Il\u00eddio Roda Neves \u2013 \u00c0s ter\u00e7as feiras, das 14h \u00e0s 18h.<\/strong><\/p>\n<p>Andr\u00e9 Freire Mastrorocco<\/p>\n<p>Evandro Carlos do Nascimento<\/p>\n<p>Silvio de Andrade Neto<\/p>\n<p>Thiago Lucas Maciel<\/p>\n<p>&nbsp;<\/p>\n<p><strong>Disciplina: Educa\u00e7\u00e3o e Direitos Humanos \u2013 Prof.\u00aa Dr.\u00aa Cl\u00e1udia Ara\u00fajo de Lima \u2013 \u00c0s sextas feiras, das 08h \u00e0s 12h e das 14 \u00e0s 18h (quinzenal).<\/strong><\/p>\n<p>Eliane Ceri Assis Santana<\/p>\n<p>Micheline Medeiros dos Santos Sant&#8217;Anna<\/p>\n<p>Odilson Moraes de Oliveira<\/p>\n<p>&nbsp;<\/p>\n<p><strong>Disciplina: Teoria Cr\u00edtica e Educa\u00e7\u00e3o Social \u2013 Prof.\u00aa Dr.\u00aa Isabella Fernanda Ferreira &#8211; \u00c0s quartas feiras, das 18h30 \u00e0s 22h.<\/strong><\/p>\n<p>Adel Ferreira Campos Junior<\/p>\n<p>Adriana Duarte de Oliveira<\/p>\n<p>Celly Nataly Cavalcante de Souza<\/p>\n<p>La\u00edssa Ramos Hassan de Oliveira Britto<\/p>\n<p>Lucia Helena Coelho Vianna<\/p>\n<p>Luciene Lemos de Campos<\/p>\n<p>Maria de Lourdes Melgar Chavez<\/p>\n<p>Mirian Correa da Silva de Jesus<\/p>\n<p>Monica celi e Silva Salustiano Luchner<\/p>\n<p>Norma Banegas Negrete de Oliveira<\/p>\n<p>Rosicleia Machado<\/p>\n<p>Vanesa Sara Neves Correia Lima Ara\u00fajo<\/p>\n<p>Wellington Br\u00e1s Ortiz Leite<\/p>\n<p><strong>\u00a0<\/strong><\/p>\n<p><strong>Disciplina:<\/strong> <strong>Subjetividade, sa\u00fade mental e trabalho na educa\u00e7\u00e3o \u2013 Prof.\u00aa Dr.\u00aa Vanessa Catherina Neumann Figueiredo \u2013 \u00c0s quintas feiras, das 08h \u00e0s 12h<\/strong>.<\/p>\n<p>Daiane Sampaio Santos<\/p>\n<p>Laura de Souza Fernandes Ramos<\/p>\n<p>Marcela Aparecida Dorneles Duarte<\/p>\n<p>Renata Camargo de Souza Veron Esnarriaga<\/p>\n<p><strong>\u00a0<\/strong><\/p>\n<p><strong>Disciplina: Conceitos e teorias sobre viol\u00eancia contra mulheres e femin\u00edcidos para a \u00e1rea da Educa\u00e7\u00e3o \u2013 Professoras Doutoras Cl\u00e1udia Ara\u00fajo de Lima \u2013 UFMS\/CPAN e Montserrat Sagot Rodriguez \u2013 Universidade da Costa Rica &#8211; De 21 a 23 de fevereiro de 2017 \u2013 Hor\u00e1rio: 08h00 as 11h00 \u2013 13h30 \u2013 17h30. (PARA ESTA DISCIPLINA \u00c9 NECESS\u00c1RIO LER, PREVIAMENTE \u00c0S AULAS, A BIBLIOGRAFIA EM ANEXO)<\/strong><\/p>\n<p>Adriana Selasco Fontes Pizzarro<\/p>\n<p>Arlene In\u00eaz de Carvalho Costa<\/p>\n<p>Beatriz Ros\u00e1lia Ribeiro Cavassa de Oliveira<\/p>\n<p>Elisa Maria Gomes Costa<\/p>\n<p>Elizandra Marques Pereira<\/p>\n<p>Fl\u00e1via Cec\u00edlia Silva de Arruda<\/p>\n<p>Helen Andressa Da Silva Chaparro Veadrigo<\/p>\n<p>Hevelen Andreza da Silva Chaparro<\/p>\n<p>Jane Conto<\/p>\n<p>Mary Jana\u00edna Ogaya Galindo<\/p>\n<p>Rosiene do Espiritu Santo Mauro<\/p>\n<p>Vania Dias Samoza<\/p>\n<p>Ver\u00f4nica Murilo<\/p>\n<p>Wania Alecrim de Lima<\/p>\n<p>&nbsp;<\/p>\n<p>&nbsp;<\/p>\n<p>Em caso de d\u00favidas, entrar em contato com a Secretaria.<\/p>\n<p>Telf.: (67) 3234-6214 ou (67) 3234-6212.<\/p>\n<p>Email:\u00a0<a href=\"mailto:ppge.cpan@ufms.br\">ppge.cpan@ufms.br<\/a><\/p>\n<p>&nbsp;<\/p>\n<p>REQUERIMENTO DE MATR\u00cdCULA ALUNO ESPECIAL &#8211; <a href=\"https:\/\/ppgecpan.ufms.br\/files\/2017\/02\/Requerimento-de-matr\u00edcula-alun.-especial-2017.1.doc\" target=\"_blank\"><strong>AQUI<\/strong><\/a>.<\/p>\n","protected":false},"excerpt":{"rendered":"<p>Sele\u00e7\u00e3o de Alunos Especiais 2017.1 Lista de candidatos com inscri\u00e7\u00e3o deferida &nbsp; ATEN\u00c7\u00c3O: A DATA DA MATR\u00cdCULA SER\u00c1 S\u00d3 NO DIA 20 DE FEVEREIRO DE 2017, DAS 07H30 \u00c0S 11H E DAS 13H30 \u00c0S 17H. \u00a0 DOCUMENTOS PARA MATR\u00cdCULA: \u2013 Os candidatos que tiveram sua\u00a0 inscri\u00e7\u00e3o deferida\u00a0dever\u00e3o comparecer na secretaria do PPGE (Rua Domingos Sahib, [&hellip;]<\/p>\n","protected":false},"author":2660,"featured_media":2113,"comment_status":"closed","ping_status":"open","sticky":false,"template":"","format":"standard","meta":{"footnotes":""},"categories":[17,1],"tags":[],"coauthors":[],"class_list":["post-2443","post","type-post","status-publish","format-standard","has-post-thumbnail","hentry","category-destaques","category-noticias"],"_links":{"self":[{"href":"https:\/\/ppgecpan.ufms.br\/en\/wp-json\/wp\/v2\/posts\/2443","targetHints":{"allow":["GET"]}}],"collection":[{"href":"https:\/\/ppgecpan.ufms.br\/en\/wp-json\/wp\/v2\/posts"}],"about":[{"href":"https:\/\/ppgecpan.ufms.br\/en\/wp-json\/wp\/v2\/types\/post"}],"author":[{"embeddable":true,"href":"https:\/\/ppgecpan.ufms.br\/en\/wp-json\/wp\/v2\/users\/2660"}],"replies":[{"embeddable":true,"href":"https:\/\/ppgecpan.ufms.br\/en\/wp-json\/wp\/v2\/comments?post=2443"}],"version-history":[{"count":3,"href":"https:\/\/ppgecpan.ufms.br\/en\/wp-json\/wp\/v2\/posts\/2443\/revisions"}],"predecessor-version":[{"id":2447,"href":"https:\/\/ppgecpan.ufms.br\/en\/wp-json\/wp\/v2\/posts\/2443\/revisions\/2447"}],"wp:featuredmedia":[{"embeddable":true,"href":"https:\/\/ppgecpan.ufms.br\/en\/wp-json\/wp\/v2\/media\/2113"}],"wp:attachment":[{"href":"https:\/\/ppgecpan.ufms.br\/en\/wp-json\/wp\/v2\/media?parent=2443"}],"wp:term":[{"taxonomy":"category","embeddable":true,"href":"https:\/\/ppgecpan.ufms.br\/en\/wp-json\/wp\/v2\/categories?post=2443"},{"taxonomy":"post_tag","embeddable":true,"href":"https:\/\/ppgecpan.ufms.br\/en\/wp-json\/wp\/v2\/tags?post=2443"},{"taxonomy":"author","embeddable":true,"href":"https:\/\/ppgecpan.ufms.br\/en\/wp-json\/wp\/v2\/coauthors?post=2443"}],"curies":[{"name":"wp","href":"https:\/\/api.w.org\/{rel}","templated":true}]}}