{"id":2461,"date":"2017-02-22T17:04:47","date_gmt":"2017-02-22T21:04:47","guid":{"rendered":"https:\/\/ppgecpan.ufms.br\/?p=2461"},"modified":"2017-02-23T07:31:13","modified_gmt":"2017-02-23T11:31:13","slug":"convite-palestra-vamos-conversar-sobre-educacao-em-prisoes-elenice-onofre","status":"publish","type":"post","link":"https:\/\/ppgecpan.ufms.br\/en\/convite-palestra-vamos-conversar-sobre-educacao-em-prisoes-elenice-onofre\/","title":{"rendered":"INSCRI\u00c7\u00d5ES ABERTAS &#8211; Palestra Vamos conversar sobre educa\u00e7\u00e3o em pris\u00f5es? &#8211; Elenice Onofre"},"content":{"rendered":"<p>O PPGE tem o prazer de convidar para a\u00a0palestra &#8220;Vamos conversar sobre educa\u00e7\u00e3o em pris\u00f5es?&#8221; que ser\u00e1 ministrada pela professora Doutora Elenice Onofre no dia\u00a0<strong>06\/03\/2017<\/strong>, \u00e0s<strong> 19h <\/strong>no<strong> Anfiteatro da Unidade III<\/strong>.<\/p>\n<p>Para se inscrever, acesse:\u00a0<a href=\"https:\/\/docs.google.com\/forms\/d\/e\/1FAIpQLScgwaexdYUu1f4-tg50DRoGZ_VRheNcg0fZtUEOE3wqbAGlRw\/viewform\" target=\"_blank\">https:\/\/docs.google.com\/forms\/d\/e\/1FAIpQLScgwaexdYUu1f4-tg50DRoGZ_VRheNcg0fZtUEOE3wqbAGlRw\/viewform<\/a><\/p>\n","protected":false},"excerpt":{"rendered":"<p>O PPGE tem o prazer de convidar para a\u00a0palestra &#8220;Vamos conversar sobre educa\u00e7\u00e3o em pris\u00f5es?&#8221; que ser\u00e1 ministrada pela professora Doutora Elenice Onofre no dia\u00a006\/03\/2017, \u00e0s 19h no Anfiteatro da Unidade III. Para se inscrever, acesse:\u00a0https:\/\/docs.google.com\/forms\/d\/e\/1FAIpQLScgwaexdYUu1f4-tg50DRoGZ_VRheNcg0fZtUEOE3wqbAGlRw\/viewform<\/p>\n","protected":false},"author":2660,"featured_media":2462,"comment_status":"closed","ping_status":"open","sticky":false,"template":"","format":"standard","meta":{"footnotes":""},"categories":[17,38,1],"tags":[],"coauthors":[],"class_list":["post-2461","post","type-post","status-publish","format-standard","has-post-thumbnail","hentry","category-destaques","category-eventos-internos","category-noticias"],"_links":{"self":[{"href":"https:\/\/ppgecpan.ufms.br\/en\/wp-json\/wp\/v2\/posts\/2461","targetHints":{"allow":["GET"]}}],"collection":[{"href":"https:\/\/ppgecpan.ufms.br\/en\/wp-json\/wp\/v2\/posts"}],"about":[{"href":"https:\/\/ppgecpan.ufms.br\/en\/wp-json\/wp\/v2\/types\/post"}],"author":[{"embeddable":true,"href":"https:\/\/ppgecpan.ufms.br\/en\/wp-json\/wp\/v2\/users\/2660"}],"replies":[{"embeddable":true,"href":"https:\/\/ppgecpan.ufms.br\/en\/wp-json\/wp\/v2\/comments?post=2461"}],"version-history":[{"count":7,"href":"https:\/\/ppgecpan.ufms.br\/en\/wp-json\/wp\/v2\/posts\/2461\/revisions"}],"predecessor-version":[{"id":2474,"href":"https:\/\/ppgecpan.ufms.br\/en\/wp-json\/wp\/v2\/posts\/2461\/revisions\/2474"}],"wp:featuredmedia":[{"embeddable":true,"href":"https:\/\/ppgecpan.ufms.br\/en\/wp-json\/wp\/v2\/media\/2462"}],"wp:attachment":[{"href":"https:\/\/ppgecpan.ufms.br\/en\/wp-json\/wp\/v2\/media?parent=2461"}],"wp:term":[{"taxonomy":"category","embeddable":true,"href":"https:\/\/ppgecpan.ufms.br\/en\/wp-json\/wp\/v2\/categories?post=2461"},{"taxonomy":"post_tag","embeddable":true,"href":"https:\/\/ppgecpan.ufms.br\/en\/wp-json\/wp\/v2\/tags?post=2461"},{"taxonomy":"author","embeddable":true,"href":"https:\/\/ppgecpan.ufms.br\/en\/wp-json\/wp\/v2\/coauthors?post=2461"}],"curies":[{"name":"wp","href":"https:\/\/api.w.org\/{rel}","templated":true}]}}