{"id":2481,"date":"2017-03-01T14:13:53","date_gmt":"2017-03-01T18:13:53","guid":{"rendered":"https:\/\/ppgecpan.ufms.br\/?p=2481"},"modified":"2017-03-11T08:05:35","modified_gmt":"2017-03-11T12:05:35","slug":"divulgacao-vii-congresso-comunicacao-alternativa","status":"publish","type":"post","link":"https:\/\/ppgecpan.ufms.br\/en\/divulgacao-vii-congresso-comunicacao-alternativa\/","title":{"rendered":"Divulga\u00e7\u00e3o: VII Congresso Comunica\u00e7\u00e3o Alternativa"},"content":{"rendered":"<p>DIVULGA\u00c7\u00c3O:<\/p>\n<p>VII CONGRESSO DE COMUNICA\u00c7\u00c3O ALTERNATIVA a ser realizado nos dias <strong>22 a 25 de Agosto de 2017<\/strong>.<\/p>\n<p>Aten\u00e7\u00e3o aos prazos:<\/p>\n<ul>\n<li><strong>Propostas para minicurso at\u00e9 03\/03\/2017<\/strong><\/li>\n<li><strong>Propostas para submiss\u00e3o de trabalhos at\u00e9 31\/03\/2017<\/strong><\/li>\n<\/ul>\n","protected":false},"excerpt":{"rendered":"<p>DIVULGA\u00c7\u00c3O: VII CONGRESSO DE COMUNICA\u00c7\u00c3O ALTERNATIVA a ser realizado nos dias 22 a 25 de Agosto de 2017. Aten\u00e7\u00e3o aos prazos: Propostas para minicurso at\u00e9 03\/03\/2017 Propostas para submiss\u00e3o de trabalhos at\u00e9 31\/03\/2017<\/p>\n","protected":false},"author":2660,"featured_media":2482,"comment_status":"closed","ping_status":"open","sticky":false,"template":"","format":"standard","meta":{"footnotes":""},"categories":[39,1],"tags":[],"coauthors":[],"class_list":["post-2481","post","type-post","status-publish","format-standard","has-post-thumbnail","hentry","category-eventos-externos","category-noticias"],"_links":{"self":[{"href":"https:\/\/ppgecpan.ufms.br\/en\/wp-json\/wp\/v2\/posts\/2481","targetHints":{"allow":["GET"]}}],"collection":[{"href":"https:\/\/ppgecpan.ufms.br\/en\/wp-json\/wp\/v2\/posts"}],"about":[{"href":"https:\/\/ppgecpan.ufms.br\/en\/wp-json\/wp\/v2\/types\/post"}],"author":[{"embeddable":true,"href":"https:\/\/ppgecpan.ufms.br\/en\/wp-json\/wp\/v2\/users\/2660"}],"replies":[{"embeddable":true,"href":"https:\/\/ppgecpan.ufms.br\/en\/wp-json\/wp\/v2\/comments?post=2481"}],"version-history":[{"count":1,"href":"https:\/\/ppgecpan.ufms.br\/en\/wp-json\/wp\/v2\/posts\/2481\/revisions"}],"predecessor-version":[{"id":2483,"href":"https:\/\/ppgecpan.ufms.br\/en\/wp-json\/wp\/v2\/posts\/2481\/revisions\/2483"}],"wp:featuredmedia":[{"embeddable":true,"href":"https:\/\/ppgecpan.ufms.br\/en\/wp-json\/wp\/v2\/media\/2482"}],"wp:attachment":[{"href":"https:\/\/ppgecpan.ufms.br\/en\/wp-json\/wp\/v2\/media?parent=2481"}],"wp:term":[{"taxonomy":"category","embeddable":true,"href":"https:\/\/ppgecpan.ufms.br\/en\/wp-json\/wp\/v2\/categories?post=2481"},{"taxonomy":"post_tag","embeddable":true,"href":"https:\/\/ppgecpan.ufms.br\/en\/wp-json\/wp\/v2\/tags?post=2481"},{"taxonomy":"author","embeddable":true,"href":"https:\/\/ppgecpan.ufms.br\/en\/wp-json\/wp\/v2\/coauthors?post=2481"}],"curies":[{"name":"wp","href":"https:\/\/api.w.org\/{rel}","templated":true}]}}