{"id":2542,"date":"2017-03-09T09:15:04","date_gmt":"2017-03-09T13:15:04","guid":{"rendered":"https:\/\/ppgecpan.ufms.br\/?p=2542"},"modified":"2017-03-09T09:36:49","modified_gmt":"2017-03-09T13:36:49","slug":"convite-coloquio-neplei-e-da-linha-de-pesquisa-formacao-de-educadores-e-diversidade-ppgecpan-e-pnaic","status":"publish","type":"post","link":"https:\/\/ppgecpan.ufms.br\/en\/convite-coloquio-neplei-e-da-linha-de-pesquisa-formacao-de-educadores-e-diversidade-ppgecpan-e-pnaic\/","title":{"rendered":"Convite: I Col\u00f3quio do NEPLEI e da Linha de pesquisa Forma\u00e7\u00e3o de educadores e diversidade (PPGE\/CPAN) e PNAIC\/UFMS"},"content":{"rendered":"<p>Divulga\u00e7\u00e3o de Evento do PPGE\/CPAN, em <strong>Tr\u00eas Lagoas\/MS<\/strong>.<\/p>\n","protected":false},"excerpt":{"rendered":"<p>Divulga\u00e7\u00e3o de Evento do PPGE\/CPAN, em Tr\u00eas Lagoas\/MS.<\/p>\n","protected":false},"author":2660,"featured_media":2543,"comment_status":"closed","ping_status":"open","sticky":false,"template":"","format":"standard","meta":{"footnotes":""},"categories":[17,38,1],"tags":[],"coauthors":[],"class_list":["post-2542","post","type-post","status-publish","format-standard","has-post-thumbnail","hentry","category-destaques","category-eventos-internos","category-noticias"],"_links":{"self":[{"href":"https:\/\/ppgecpan.ufms.br\/en\/wp-json\/wp\/v2\/posts\/2542","targetHints":{"allow":["GET"]}}],"collection":[{"href":"https:\/\/ppgecpan.ufms.br\/en\/wp-json\/wp\/v2\/posts"}],"about":[{"href":"https:\/\/ppgecpan.ufms.br\/en\/wp-json\/wp\/v2\/types\/post"}],"author":[{"embeddable":true,"href":"https:\/\/ppgecpan.ufms.br\/en\/wp-json\/wp\/v2\/users\/2660"}],"replies":[{"embeddable":true,"href":"https:\/\/ppgecpan.ufms.br\/en\/wp-json\/wp\/v2\/comments?post=2542"}],"version-history":[{"count":2,"href":"https:\/\/ppgecpan.ufms.br\/en\/wp-json\/wp\/v2\/posts\/2542\/revisions"}],"predecessor-version":[{"id":2545,"href":"https:\/\/ppgecpan.ufms.br\/en\/wp-json\/wp\/v2\/posts\/2542\/revisions\/2545"}],"wp:featuredmedia":[{"embeddable":true,"href":"https:\/\/ppgecpan.ufms.br\/en\/wp-json\/wp\/v2\/media\/2543"}],"wp:attachment":[{"href":"https:\/\/ppgecpan.ufms.br\/en\/wp-json\/wp\/v2\/media?parent=2542"}],"wp:term":[{"taxonomy":"category","embeddable":true,"href":"https:\/\/ppgecpan.ufms.br\/en\/wp-json\/wp\/v2\/categories?post=2542"},{"taxonomy":"post_tag","embeddable":true,"href":"https:\/\/ppgecpan.ufms.br\/en\/wp-json\/wp\/v2\/tags?post=2542"},{"taxonomy":"author","embeddable":true,"href":"https:\/\/ppgecpan.ufms.br\/en\/wp-json\/wp\/v2\/coauthors?post=2542"}],"curies":[{"name":"wp","href":"https:\/\/api.w.org\/{rel}","templated":true}]}}