{"id":2547,"date":"2017-03-10T10:29:32","date_gmt":"2017-03-10T14:29:32","guid":{"rendered":"https:\/\/ppgecpan.ufms.br\/?p=2547"},"modified":"2017-03-10T10:29:32","modified_gmt":"2017-03-10T14:29:32","slug":"o-ppgecpan-reabre-selecao-para-alunos-especiais-com-ingresso-no-primeiro-semestre-de-2017-2","status":"publish","type":"post","link":"https:\/\/ppgecpan.ufms.br\/en\/o-ppgecpan-reabre-selecao-para-alunos-especiais-com-ingresso-no-primeiro-semestre-de-2017-2\/","title":{"rendered":"O PPGE\/CPAN reabre sele\u00e7\u00e3o para alunos especiais com ingresso no primeiro semestre de 2017"},"content":{"rendered":"<p>Confira as datas:<\/p>\n<p>11 a 12\/03\/2017 \u2013\u00a0<strong>Inscri\u00e7\u00e3o<\/strong>\u00a0para alunos especiais<\/p>\n<p>13\/03\/2017 \u2013 Resultado da sele\u00e7\u00e3o dos alunos especiais no site do PPGE<\/p>\n<p>14\/03\/2017 \u2013\u00a0<strong>Matr\u00edcula<\/strong>\u00a0para alunos especiais<\/p>\n<p>&nbsp;<\/p>\n<p><u>Pode ser feita inscri\u00e7\u00e3o na disciplina a seguir:<\/u><\/p>\n<p><u>\u00a0<\/u><\/p>\n<p>&#8211; Educa\u00e7\u00e3o e Direitos Humanos \u2013 Prof.\u00aa Dr.\u00aa Cl\u00e1udia Ara\u00fajo de Lima \u2013 \u00c0s sextas feiras, das 08h \u00e0s 12h e das 14 \u00e0s 18h (quinzenal).<\/p>\n<p>&nbsp;<\/p>\n<p>&#8211; Teoria Cr\u00edtica e Educa\u00e7\u00e3o Social \u2013 Prof.\u00aa Dr.\u00aa Isabella Fernanda Ferreira &#8211; \u00c0s quartas feiras, das 18h30 \u00e0s 22h.<\/p>\n<p>&nbsp;<\/p>\n<p>Fa\u00e7a sua <strong>inscri\u00e7\u00e3o<\/strong> aqui:<\/p>\n<p><a href=\"https:\/\/docs.google.com\/forms\/d\/e\/1FAIpQLSePRwPIEwEfHHl2syhsJgMmdX1G1TwXgq2JNLmhrmkZY_zcrA\/viewform?usp=sf_link\" target=\"_blank\">https:\/\/docs.google.com\/forms\/d\/e\/1FAIpQLSePRwPIEwEfHHl2syhsJgMmdX1G1TwXgq2JNLmhrmkZY_zcrA\/viewform?usp=sf_link<\/a><\/p>\n<p><strong>\u00a0<\/strong><\/p>\n<p><strong>DOCUMENTOS PARA MATR\u00cdCULA:<\/strong><\/p>\n<p>\u2013 Os candidatos que tiveram sua\u00a0 inscri\u00e7\u00e3o deferida dever\u00e3o comparecer na secretaria do PPGE (Rua Domingos Sahib, 99, Bairro Cervejaria, em frente ao Centro de Conven\u00e7\u00f5es), no dia <strong><u>14 de mar\u00e7o<\/u><\/strong> para efetuar matr\u00edcula com o Requerimento de Matr\u00edcula, em anexo, preenchido e assinado e <u>original e c\u00f3pia<\/u> OU <u>c\u00f3pia autenticada<\/u> de: CERTID\u00c3O DE NASCIMENTO OU CASAMENTO, RG, CPF, T\u00cdTULO DE ELEITOR, CERTIFICADO DE CONCLUS\u00c3O DE GRADUA\u00c7\u00c3O OU DIPLOMA E CERTIFICADO DE RESERVISTA.<\/p>\n<p>&nbsp;<\/p>\n<p><strong>REQUERIMENTO DE MATR\u00cdCULA &#8211; <a href=\"https:\/\/ppgecpan.ufms.br\/files\/2017\/03\/Requerimento-de-matr\u00edcula-alun.-especial-2017.1-4.doc\" target=\"_blank\">AQUI<\/a><\/strong><\/p>\n<p>Em caso de d\u00favidas, entrar em contato com a Secretaria.<\/p>\n<p>Telf.: (67) 3234-6214 ou (67) 3234-6212.<\/p>\n<p>Email:\u00a0<a href=\"mailto:ppge.cpan.ufms@gmail\">ppge.cpan.ufms@gmail<\/a>.com<\/p>\n","protected":false},"excerpt":{"rendered":"<p>Confira as datas: 11 a 12\/03\/2017 \u2013\u00a0Inscri\u00e7\u00e3o\u00a0para alunos especiais 13\/03\/2017 \u2013 Resultado da sele\u00e7\u00e3o dos alunos especiais no site do PPGE 14\/03\/2017 \u2013\u00a0Matr\u00edcula\u00a0para alunos especiais &nbsp; Pode ser feita inscri\u00e7\u00e3o na disciplina a seguir: \u00a0 &#8211; Educa\u00e7\u00e3o e Direitos Humanos \u2013 Prof.\u00aa Dr.\u00aa Cl\u00e1udia Ara\u00fajo de Lima \u2013 \u00c0s sextas feiras, das 08h \u00e0s 12h [&hellip;]<\/p>\n","protected":false},"author":2660,"featured_media":968,"comment_status":"closed","ping_status":"open","sticky":false,"template":"","format":"standard","meta":{"footnotes":""},"categories":[17,1],"tags":[],"coauthors":[],"class_list":["post-2547","post","type-post","status-publish","format-standard","has-post-thumbnail","hentry","category-destaques","category-noticias"],"_links":{"self":[{"href":"https:\/\/ppgecpan.ufms.br\/en\/wp-json\/wp\/v2\/posts\/2547","targetHints":{"allow":["GET"]}}],"collection":[{"href":"https:\/\/ppgecpan.ufms.br\/en\/wp-json\/wp\/v2\/posts"}],"about":[{"href":"https:\/\/ppgecpan.ufms.br\/en\/wp-json\/wp\/v2\/types\/post"}],"author":[{"embeddable":true,"href":"https:\/\/ppgecpan.ufms.br\/en\/wp-json\/wp\/v2\/users\/2660"}],"replies":[{"embeddable":true,"href":"https:\/\/ppgecpan.ufms.br\/en\/wp-json\/wp\/v2\/comments?post=2547"}],"version-history":[{"count":1,"href":"https:\/\/ppgecpan.ufms.br\/en\/wp-json\/wp\/v2\/posts\/2547\/revisions"}],"predecessor-version":[{"id":2549,"href":"https:\/\/ppgecpan.ufms.br\/en\/wp-json\/wp\/v2\/posts\/2547\/revisions\/2549"}],"wp:featuredmedia":[{"embeddable":true,"href":"https:\/\/ppgecpan.ufms.br\/en\/wp-json\/wp\/v2\/media\/968"}],"wp:attachment":[{"href":"https:\/\/ppgecpan.ufms.br\/en\/wp-json\/wp\/v2\/media?parent=2547"}],"wp:term":[{"taxonomy":"category","embeddable":true,"href":"https:\/\/ppgecpan.ufms.br\/en\/wp-json\/wp\/v2\/categories?post=2547"},{"taxonomy":"post_tag","embeddable":true,"href":"https:\/\/ppgecpan.ufms.br\/en\/wp-json\/wp\/v2\/tags?post=2547"},{"taxonomy":"author","embeddable":true,"href":"https:\/\/ppgecpan.ufms.br\/en\/wp-json\/wp\/v2\/coauthors?post=2547"}],"curies":[{"name":"wp","href":"https:\/\/api.w.org\/{rel}","templated":true}]}}