{"id":2550,"date":"2017-03-10T20:31:57","date_gmt":"2017-03-11T00:31:57","guid":{"rendered":"https:\/\/ppgecpan.ufms.br\/?p=2550"},"modified":"2017-03-10T20:31:57","modified_gmt":"2017-03-11T00:31:57","slug":"chamada-para-publicacao-acessibilidade-cultural-e-inclusao","status":"publish","type":"post","link":"https:\/\/ppgecpan.ufms.br\/en\/chamada-para-publicacao-acessibilidade-cultural-e-inclusao\/","title":{"rendered":"Chamada para publica\u00e7\u00e3o &#8211; Acessibilidade Cultural e Inclus\u00e3o"},"content":{"rendered":"<p>A <strong><em>Revista da FAEEBA Educa\u00e7\u00e3o e Contemporaneidade<\/em><\/strong> \u00e9 um peri\u00f3dico\u00a0quadrimestral, publicado pela Universidade do Estado da Bahia &#8211; UNEB (Departamento de Educa\u00e7\u00e3o \/ Programa de P\u00f3s-Gradua\u00e7\u00e3o em Educa\u00e7\u00e3o e Contemporaneidade), cujo principal objetivo \u00e9 a publica\u00e7\u00e3o de artigos cient\u00edficos na \u00e1rea de Educa\u00e7\u00e3o.<\/p>\n<p>&nbsp;<\/p>\n<p>Estamos\u00a0convidando pesquisadores e estudiosos da \u00e1rea para que enviem trabalhos sobre a tem\u00e1tica\u00a0<strong><em>Acessibilidade Cultural e Inclus\u00e3o,<\/em><\/strong>\u00a0campo interdisciplinar que\u00a0pressup\u00f5e a necess\u00e1ria produ\u00e7\u00e3o educativa, art\u00edstica, cultural (espet\u00e1culos, exibi\u00e7\u00f5es, exposi\u00e7\u00f5es, acervos, cursos, espa\u00e7os de conviv\u00eancia e todos os servi\u00e7os permanentes ou itinerantes) dispon\u00edvel a todos os indiv\u00edduos, proposta com todas as formas de comunica\u00e7\u00e3o (audiodescri\u00e7\u00e3o, legenda fechada para surdos e ensurdecidos, LIBRAS, braile, guia int\u00e9rprete, maquetes t\u00e1teis etc) permitindo o acesso e efetiva\u00e7\u00e3o dos direitos sociais com seguran\u00e7a e autonomia de todos os indiv\u00edduos.\u00a0Trata-se de\u00a0uma abordagem\u00a0mais alargada sobre inclus\u00e3o, articulando-a com quest\u00f5es vinculadas \u00e0 escola, mas tamb\u00e9m \u00e0 cultura acess\u00edvel, g\u00eanero, sexualidade, trabalho, entre outras.<\/p>\n<p>&nbsp;<\/p>\n<p>O prazo de submiss\u00e3o \u00e9 01\/07\/2017, com lan\u00e7amento em dezembro\/2017. Vejam mais informa\u00e7\u00f5es sobre a Revista e as orienta\u00e7\u00f5es para submiss\u00e3o no site <a href=\"http:\/\/www.uneb.br\/revistadafaeeba\" target=\"_blank\">www.uneb.br\/revistadafaeeba<\/a> .<\/p>\n","protected":false},"excerpt":{"rendered":"<p>A Revista da FAEEBA Educa\u00e7\u00e3o e Contemporaneidade \u00e9 um peri\u00f3dico\u00a0quadrimestral, publicado pela Universidade do Estado da Bahia &#8211; UNEB (Departamento de Educa\u00e7\u00e3o \/ Programa de P\u00f3s-Gradua\u00e7\u00e3o em Educa\u00e7\u00e3o e Contemporaneidade), cujo principal objetivo \u00e9 a publica\u00e7\u00e3o de artigos cient\u00edficos na \u00e1rea de Educa\u00e7\u00e3o. &nbsp; Estamos\u00a0convidando pesquisadores e estudiosos da \u00e1rea para que enviem trabalhos sobre [&hellip;]<\/p>\n","protected":false},"author":2660,"featured_media":2551,"comment_status":"closed","ping_status":"open","sticky":false,"template":"","format":"standard","meta":{"footnotes":""},"categories":[37],"tags":[],"coauthors":[],"class_list":["post-2550","post","type-post","status-publish","format-standard","has-post-thumbnail","hentry","category-calls-for-publication"],"_links":{"self":[{"href":"https:\/\/ppgecpan.ufms.br\/en\/wp-json\/wp\/v2\/posts\/2550","targetHints":{"allow":["GET"]}}],"collection":[{"href":"https:\/\/ppgecpan.ufms.br\/en\/wp-json\/wp\/v2\/posts"}],"about":[{"href":"https:\/\/ppgecpan.ufms.br\/en\/wp-json\/wp\/v2\/types\/post"}],"author":[{"embeddable":true,"href":"https:\/\/ppgecpan.ufms.br\/en\/wp-json\/wp\/v2\/users\/2660"}],"replies":[{"embeddable":true,"href":"https:\/\/ppgecpan.ufms.br\/en\/wp-json\/wp\/v2\/comments?post=2550"}],"version-history":[{"count":1,"href":"https:\/\/ppgecpan.ufms.br\/en\/wp-json\/wp\/v2\/posts\/2550\/revisions"}],"predecessor-version":[{"id":2552,"href":"https:\/\/ppgecpan.ufms.br\/en\/wp-json\/wp\/v2\/posts\/2550\/revisions\/2552"}],"wp:featuredmedia":[{"embeddable":true,"href":"https:\/\/ppgecpan.ufms.br\/en\/wp-json\/wp\/v2\/media\/2551"}],"wp:attachment":[{"href":"https:\/\/ppgecpan.ufms.br\/en\/wp-json\/wp\/v2\/media?parent=2550"}],"wp:term":[{"taxonomy":"category","embeddable":true,"href":"https:\/\/ppgecpan.ufms.br\/en\/wp-json\/wp\/v2\/categories?post=2550"},{"taxonomy":"post_tag","embeddable":true,"href":"https:\/\/ppgecpan.ufms.br\/en\/wp-json\/wp\/v2\/tags?post=2550"},{"taxonomy":"author","embeddable":true,"href":"https:\/\/ppgecpan.ufms.br\/en\/wp-json\/wp\/v2\/coauthors?post=2550"}],"curies":[{"name":"wp","href":"https:\/\/api.w.org\/{rel}","templated":true}]}}