{"id":2553,"date":"2017-03-13T08:08:58","date_gmt":"2017-03-13T12:08:58","guid":{"rendered":"https:\/\/ppgecpan.ufms.br\/?p=2553"},"modified":"2017-03-13T08:08:58","modified_gmt":"2017-03-13T12:08:58","slug":"convite-encontro-internacional-da-rede-escola-publica-e-universidade","status":"publish","type":"post","link":"https:\/\/ppgecpan.ufms.br\/en\/convite-encontro-internacional-da-rede-escola-publica-e-universidade\/","title":{"rendered":"CONVITE &#8211; I Encontro Internacional da Rede Escola P\u00fablica e Universidade"},"content":{"rendered":"<div><span style=\"color: #000000\">Prezadxs colegas,<\/span><\/div>\n<div><span style=\"color: #000000\">\u00a0<\/span><\/div>\n<div><span style=\"color: #000000\">Em comum contribu\u00edmos num dos dois dossi\u00eas recentes sobre as ocupa\u00e7\u00f5es nas escolas brasileiras, um na <i>Educa\u00e7\u00e3o &amp; Sociedade<\/i> (v. 137, n. 4, 2016) e outro na <i>Educa\u00e7\u00e3o Tem\u00e1tica Digital<\/i> (v. 19, n. 1\/n. esp., 2017).<\/span><\/div>\n<div><span style=\"color: #000000\">\u00a0<\/span><\/div>\n<div><span style=\"color: #000000\">Devido ao interesse de voc\u00eas pelo tema dos movimentos de resist\u00eancia na educa\u00e7\u00e3o, escrevo para convid\u00e1-lxs pessoalmente para o<\/span><b> I Encontro Internacional da Rede Escola P\u00fablica e Universidade: Di\u00e1logos entre Brasil e Am\u00e9rica Latina<\/b><span style=\"color: #000000\">, que ser\u00e1 realizado em <\/span><b><span style=\"color: #0000ff\">16 e 17 de maio de 2017 no <i>campus <\/i>Santo Andr\u00e9 da Universidade Federal do ABC.<\/span><\/b><\/div>\n<div><span style=\"color: #000000\">\u00a0<\/span><\/div>\n<div><span style=\"color: #000000\">A Rede Escola P\u00fablica e Universidade \u00e9 formada por professores e pesquisadores de diferentes universidades p\u00fablicas do estado de S\u00e3o Paulo (Unicamp, UFSCar, UFABC, USP, Unifesp e IFSP) e tem o objetivo de realizar estudos, pesquisas e interven\u00e7\u00f5es visando contribuir com a amplia\u00e7\u00e3o do direito \u00e0 educa\u00e7\u00e3o p\u00fablica de qualidade, produzir pesquisas no tempo da pol\u00edtica que possam ser rapidamente utilizadas como instrumentos para as lutas em torno da educa\u00e7\u00e3o.<\/span><\/div>\n<div><span style=\"text-align: justify;color: #000000;font-family: 'open sans',helvetica,arial,sans-serif;font-size: 13px\">\u00a0<\/span><\/div>\n<div><span style=\"text-align: justify;color: #000000;font-family: 'open sans',helvetica,arial,sans-serif;font-size: 13px\">O encontro vai debater as pol\u00edticas p\u00fablicas para a Educa\u00e7\u00e3o e os movimentos de resist\u00eancia frente \u00e0s\u00a0reformas educacionais mais recentes, no Brasil e fora dele. Ser\u00e1 um espa\u00e7o de di\u00e1logo reunindo, pesquisadores, professores, estudantes e familiares que acreditam na articula\u00e7\u00e3o entre a investiga\u00e7\u00e3o cient\u00edfica e a atua\u00e7\u00e3o social comprometida, ideia que est\u00e1 na base da cria\u00e7\u00e3o da Rede Escola P\u00fablica e Universidade (REPU).<\/span><\/div>\n<div><span style=\"text-align: justify;color: #000000;font-family: 'open sans',helvetica,arial,sans-serif;font-size: 13px\">\u00a0<\/span><\/div>\n<div><span style=\"text-align: justify;color: #000000;font-family: 'open sans',helvetica,arial,sans-serif;font-size: 13px\">A constru\u00e7\u00e3o de uma educa\u00e7\u00e3o mais humana e socialmente relevante deve ser resultado da pr\u00e1xis (rela\u00e7\u00e3o teoria e pr\u00e1tica) e da participa\u00e7\u00e3o democr\u00e1tica de todos. Esta concep\u00e7\u00e3o implica contrapor-se \u00e0s pol\u00edticas que tratam a educa\u00e7\u00e3o como mercadoria e s\u00e3o elaboradas numa l\u00f3gica gerencialista por t\u00e9cnicos distanciados do cotidiano escolar.<\/span><\/div>\n<div><span style=\"text-align: justify;color: #000000;font-family: 'open sans',helvetica,arial,sans-serif;font-size: 13px\">\u00a0<\/span><\/div>\n<div><span style=\"text-align: justify;color: #000000;font-family: 'open sans',helvetica,arial,sans-serif;font-size: 13px\">Assim, o evento convida a apresentarem suas pesquisas, viv\u00eancias e relatos os secundaristas que ocuparam escolas, os pesquisadores com ou sem v\u00ednculo institucional, os professores, coordenadores, diretores e funcion\u00e1rios de escola, tanto no ensino b\u00e1sico como no superior, familiares que acompanham e fortalecem a luta dos estudantes e professores, todos que direta ou indiretamente atuam na defesa da educa\u00e7\u00e3o p\u00fablica.\u00a0<\/span><\/div>\n<div>\n<p dir=\"ltr\" style=\"margin: 0pt 0px;text-align: justify;line-height: 1.38;font-family: 'open sans',helvetica,arial,sans-serif;font-size: 13px\"><span style=\"color: #000000\">\u00a0<\/span><\/p>\n<p dir=\"ltr\" style=\"margin: 0pt 0px;text-align: justify;line-height: 1.38;font-family: 'open sans',helvetica,arial,sans-serif;font-size: 13px\"><span style=\"color: #000000\"><b>A escola \u00e9 nossa!<\/b><\/span><\/p>\n<p style=\"margin: 0pt 0px;text-align: justify;line-height: 1.38;font-family: 'open sans',helvetica,arial,sans-serif;font-size: 13px\"><span style=\"color: #000000\"><b>CHAMADA DE TRABALHOS: SUBMISS\u00d5ES AT\u00c9 25 DE MAR\u00c7O DE 2017<\/b><\/span><\/p>\n<p style=\"margin: 0pt 0px;text-align: justify;line-height: 1.38;font-family: 'open sans',helvetica,arial,sans-serif;font-size: 13px\"><span style=\"color: #000000\"><b>(EM FORMATO DE RESUMO EXPANDIDO)<\/b><\/span><\/p>\n<p><span style=\"color: #000000;font-family: 'open sans',helvetica,arial,sans-serif;font-size: 13px;font-weight: bold\">INSCRI\u00c7\u00d5ES E INFORMA\u00c7\u00d5ES:\u00a0<\/span><a href=\"https:\/\/doity.com.br\/iii-encontro-repu\" target=\"_blank\"><span style=\"color: #1155cc\">https:\/\/doity.com<\/span>.br\/iii-encontro-repu<\/a><\/p>\n<p><span style=\"color: #000000;font-family: open sans, helvetica, arial, sans-serif\"><b>FACEBOOK:\u00a0<\/b><a href=\"https:\/\/www.facebook.com\/profile.php?id=590311617841310&amp;fref=ts\" target=\"_blank\"><span style=\"color: #1155cc\">https:\/\/www.facebook<\/span>.com\/profile.php?id=590311617841310&amp;fref=ts<\/a><\/span><\/p>\n<\/div>\n","protected":false},"excerpt":{"rendered":"<p>Prezadxs colegas, \u00a0 Em comum contribu\u00edmos num dos dois dossi\u00eas recentes sobre as ocupa\u00e7\u00f5es nas escolas brasileiras, um na Educa\u00e7\u00e3o &amp; Sociedade (v. 137, n. 4, 2016) e outro na Educa\u00e7\u00e3o Tem\u00e1tica Digital (v. 19, n. 1\/n. esp., 2017). \u00a0 Devido ao interesse de voc\u00eas pelo tema dos movimentos de resist\u00eancia na educa\u00e7\u00e3o, escrevo para [&hellip;]<\/p>\n","protected":false},"author":2660,"featured_media":2554,"comment_status":"closed","ping_status":"open","sticky":false,"template":"","format":"standard","meta":{"footnotes":""},"categories":[37],"tags":[],"coauthors":[],"class_list":["post-2553","post","type-post","status-publish","format-standard","has-post-thumbnail","hentry","category-calls-for-publication"],"_links":{"self":[{"href":"https:\/\/ppgecpan.ufms.br\/en\/wp-json\/wp\/v2\/posts\/2553","targetHints":{"allow":["GET"]}}],"collection":[{"href":"https:\/\/ppgecpan.ufms.br\/en\/wp-json\/wp\/v2\/posts"}],"about":[{"href":"https:\/\/ppgecpan.ufms.br\/en\/wp-json\/wp\/v2\/types\/post"}],"author":[{"embeddable":true,"href":"https:\/\/ppgecpan.ufms.br\/en\/wp-json\/wp\/v2\/users\/2660"}],"replies":[{"embeddable":true,"href":"https:\/\/ppgecpan.ufms.br\/en\/wp-json\/wp\/v2\/comments?post=2553"}],"version-history":[{"count":1,"href":"https:\/\/ppgecpan.ufms.br\/en\/wp-json\/wp\/v2\/posts\/2553\/revisions"}],"predecessor-version":[{"id":2555,"href":"https:\/\/ppgecpan.ufms.br\/en\/wp-json\/wp\/v2\/posts\/2553\/revisions\/2555"}],"wp:featuredmedia":[{"embeddable":true,"href":"https:\/\/ppgecpan.ufms.br\/en\/wp-json\/wp\/v2\/media\/2554"}],"wp:attachment":[{"href":"https:\/\/ppgecpan.ufms.br\/en\/wp-json\/wp\/v2\/media?parent=2553"}],"wp:term":[{"taxonomy":"category","embeddable":true,"href":"https:\/\/ppgecpan.ufms.br\/en\/wp-json\/wp\/v2\/categories?post=2553"},{"taxonomy":"post_tag","embeddable":true,"href":"https:\/\/ppgecpan.ufms.br\/en\/wp-json\/wp\/v2\/tags?post=2553"},{"taxonomy":"author","embeddable":true,"href":"https:\/\/ppgecpan.ufms.br\/en\/wp-json\/wp\/v2\/coauthors?post=2553"}],"curies":[{"name":"wp","href":"https:\/\/api.w.org\/{rel}","templated":true}]}}