{"id":2623,"date":"2017-04-11T14:04:36","date_gmt":"2017-04-11T18:04:36","guid":{"rendered":"https:\/\/ppgecpan.ufms.br\/?p=2623"},"modified":"2017-04-11T14:30:02","modified_gmt":"2017-04-11T18:30:02","slug":"2623-2","status":"publish","type":"post","link":"https:\/\/ppgecpan.ufms.br\/en\/2623-2\/","title":{"rendered":"PPGE\/CPAN abre inscri\u00e7\u00f5es para alunos regulares &#8211; Ingresso 2017.2"},"content":{"rendered":"<p>Est\u00e3o abertas at\u00e9 o dia 10 de maio de 2017 as inscri\u00e7\u00f5es para o processo seletivo do Programa de P\u00f3s-Gradua\u00e7\u00e3o em Educa\u00e7\u00e3o, Curso de Mestrado, do C\u00e2mpus do Pantanal. Ao todo s\u00e3o 15 vagas para \u00e1rea de concentra\u00e7\u00e3o em Educa\u00e7\u00e3o Social com\u00a0in\u00edcio das\u00a0aulas previsto para o segundo semestre letivo de 2017.<\/p>\n<p>As inscri\u00e7\u00f5es ficar\u00e3o abertas pelo Portal de P\u00f3s-Gradua\u00e7\u00e3o <a href=\"http:\/\/www.posgraduacao.ufms.br\/\" target=\"_blank\">http:\/\/www.posgraduacao.ufms.br\/<\/a>, das 00h01min do dia 10\/04\/2017 \u00e0s 16h do dia 10\/05\/2017, selecionando-se o Curso. A taxa de Inscri\u00e7\u00e3o tem valor de R$ 100,00 (cem reais), ou R$ 50,00 (cinquenta reais) para os candidatos que tiverem isen\u00e7\u00e3o parcial deferida.<\/p>\n<p>O processo seletivo ser\u00e1 composto por prova escrita, an\u00e1lise do anteprojeto, defesa oral do anteprojeto e an\u00e1lise de curr\u00edculo.<\/p>\n<p>Acesse ao <strong>Edital<\/strong> e\u00a0<strong>Modelos e Formul\u00e1rios <\/strong>para inscri\u00e7\u00e3o: <a href=\"https:\/\/sistemas.ufms.br\/sigpos\/portal\/arquivos\/index\/cursoId:144\" target=\"_blank\">https:\/\/sistemas.ufms.br\/sigpos\/portal\/arquivos\/index\/cursoId:144<\/a>.<\/p>\n","protected":false},"excerpt":{"rendered":"<p>Est\u00e3o abertas at\u00e9 o dia 10 de maio de 2017 as inscri\u00e7\u00f5es para o processo seletivo do Programa de P\u00f3s-Gradua\u00e7\u00e3o em Educa\u00e7\u00e3o, Curso de Mestrado, do C\u00e2mpus do Pantanal. Ao todo s\u00e3o 15 vagas para \u00e1rea de concentra\u00e7\u00e3o em Educa\u00e7\u00e3o Social com\u00a0in\u00edcio das\u00a0aulas previsto para o segundo semestre letivo de 2017. As inscri\u00e7\u00f5es ficar\u00e3o abertas [&hellip;]<\/p>\n","protected":false},"author":2660,"featured_media":2634,"comment_status":"closed","ping_status":"open","sticky":false,"template":"","format":"standard","meta":{"footnotes":""},"categories":[17,1],"tags":[],"coauthors":[],"class_list":["post-2623","post","type-post","status-publish","format-standard","has-post-thumbnail","hentry","category-destaques","category-noticias"],"_links":{"self":[{"href":"https:\/\/ppgecpan.ufms.br\/en\/wp-json\/wp\/v2\/posts\/2623","targetHints":{"allow":["GET"]}}],"collection":[{"href":"https:\/\/ppgecpan.ufms.br\/en\/wp-json\/wp\/v2\/posts"}],"about":[{"href":"https:\/\/ppgecpan.ufms.br\/en\/wp-json\/wp\/v2\/types\/post"}],"author":[{"embeddable":true,"href":"https:\/\/ppgecpan.ufms.br\/en\/wp-json\/wp\/v2\/users\/2660"}],"replies":[{"embeddable":true,"href":"https:\/\/ppgecpan.ufms.br\/en\/wp-json\/wp\/v2\/comments?post=2623"}],"version-history":[{"count":5,"href":"https:\/\/ppgecpan.ufms.br\/en\/wp-json\/wp\/v2\/posts\/2623\/revisions"}],"predecessor-version":[{"id":2636,"href":"https:\/\/ppgecpan.ufms.br\/en\/wp-json\/wp\/v2\/posts\/2623\/revisions\/2636"}],"wp:featuredmedia":[{"embeddable":true,"href":"https:\/\/ppgecpan.ufms.br\/en\/wp-json\/wp\/v2\/media\/2634"}],"wp:attachment":[{"href":"https:\/\/ppgecpan.ufms.br\/en\/wp-json\/wp\/v2\/media?parent=2623"}],"wp:term":[{"taxonomy":"category","embeddable":true,"href":"https:\/\/ppgecpan.ufms.br\/en\/wp-json\/wp\/v2\/categories?post=2623"},{"taxonomy":"post_tag","embeddable":true,"href":"https:\/\/ppgecpan.ufms.br\/en\/wp-json\/wp\/v2\/tags?post=2623"},{"taxonomy":"author","embeddable":true,"href":"https:\/\/ppgecpan.ufms.br\/en\/wp-json\/wp\/v2\/coauthors?post=2623"}],"curies":[{"name":"wp","href":"https:\/\/api.w.org\/{rel}","templated":true}]}}