{"id":2638,"date":"2017-04-13T19:54:45","date_gmt":"2017-04-13T23:54:45","guid":{"rendered":"https:\/\/ppgecpan.ufms.br\/?p=2638"},"modified":"2017-04-18T10:53:38","modified_gmt":"2017-04-18T14:53:38","slug":"divulgacao-vi-seminario-de-estudos-fronteiricos","status":"publish","type":"post","link":"https:\/\/ppgecpan.ufms.br\/en\/divulgacao-vi-seminario-de-estudos-fronteiricos\/","title":{"rendered":"Divulga\u00e7\u00e3o: VI Semin\u00e1rio de Estudos Fronteiri\u00e7os"},"content":{"rendered":"<p>A Comiss\u00e3o Organizadora do VI Semin\u00e1rio de Estudos Fronteiri\u00e7os encaminha\u00a0para conhecimento e divulga\u00e7\u00e3o a Primeira Circular do evento, contando com programa\u00e7\u00e3o preliminar e a chamada para recebimento de trabalhos.<\/p>\n<p>1\u00aa circular &#8211; <a href=\"https:\/\/ppgecpan.ufms.br\/files\/2017\/04\/Primeira-Circular-VI-SEF-1.docx\" target=\"_blank\">AQUI<\/a><\/p>\n","protected":false},"excerpt":{"rendered":"<p>A Comiss\u00e3o Organizadora do VI Semin\u00e1rio de Estudos Fronteiri\u00e7os encaminha\u00a0para conhecimento e divulga\u00e7\u00e3o a Primeira Circular do evento, contando com programa\u00e7\u00e3o preliminar e a chamada para recebimento de trabalhos. 1\u00aa circular &#8211; AQUI<\/p>\n","protected":false},"author":2660,"featured_media":2641,"comment_status":"closed","ping_status":"open","sticky":false,"template":"","format":"standard","meta":{"footnotes":""},"categories":[38,1],"tags":[],"coauthors":[],"class_list":["post-2638","post","type-post","status-publish","format-standard","has-post-thumbnail","hentry","category-eventos-internos","category-noticias"],"_links":{"self":[{"href":"https:\/\/ppgecpan.ufms.br\/en\/wp-json\/wp\/v2\/posts\/2638","targetHints":{"allow":["GET"]}}],"collection":[{"href":"https:\/\/ppgecpan.ufms.br\/en\/wp-json\/wp\/v2\/posts"}],"about":[{"href":"https:\/\/ppgecpan.ufms.br\/en\/wp-json\/wp\/v2\/types\/post"}],"author":[{"embeddable":true,"href":"https:\/\/ppgecpan.ufms.br\/en\/wp-json\/wp\/v2\/users\/2660"}],"replies":[{"embeddable":true,"href":"https:\/\/ppgecpan.ufms.br\/en\/wp-json\/wp\/v2\/comments?post=2638"}],"version-history":[{"count":1,"href":"https:\/\/ppgecpan.ufms.br\/en\/wp-json\/wp\/v2\/posts\/2638\/revisions"}],"predecessor-version":[{"id":2640,"href":"https:\/\/ppgecpan.ufms.br\/en\/wp-json\/wp\/v2\/posts\/2638\/revisions\/2640"}],"wp:featuredmedia":[{"embeddable":true,"href":"https:\/\/ppgecpan.ufms.br\/en\/wp-json\/wp\/v2\/media\/2641"}],"wp:attachment":[{"href":"https:\/\/ppgecpan.ufms.br\/en\/wp-json\/wp\/v2\/media?parent=2638"}],"wp:term":[{"taxonomy":"category","embeddable":true,"href":"https:\/\/ppgecpan.ufms.br\/en\/wp-json\/wp\/v2\/categories?post=2638"},{"taxonomy":"post_tag","embeddable":true,"href":"https:\/\/ppgecpan.ufms.br\/en\/wp-json\/wp\/v2\/tags?post=2638"},{"taxonomy":"author","embeddable":true,"href":"https:\/\/ppgecpan.ufms.br\/en\/wp-json\/wp\/v2\/coauthors?post=2638"}],"curies":[{"name":"wp","href":"https:\/\/api.w.org\/{rel}","templated":true}]}}