{"id":2711,"date":"2017-05-22T14:55:14","date_gmt":"2017-05-22T18:55:14","guid":{"rendered":"https:\/\/ppgecpan.ufms.br\/?p=2711"},"modified":"2017-05-22T14:55:14","modified_gmt":"2017-05-22T18:55:14","slug":"lista-definitiva-de-inscricoes-deferidas-e-indeferidas-2017-2","status":"publish","type":"post","link":"https:\/\/ppgecpan.ufms.br\/en\/lista-definitiva-de-inscricoes-deferidas-e-indeferidas-2017-2\/","title":{"rendered":"Lista definitiva de inscri\u00e7\u00f5es deferidas e indeferidas 2017.2"},"content":{"rendered":"<p><strong>Lista definitiva de inscri\u00e7\u00f5es deferidas e indeferidas 2017.2<\/strong><\/p>\n<p>&nbsp;<\/p>\n<p><strong><u>DEFERIDAS<\/u><\/strong><\/p>\n<p>Adel Ferreira Campos Junior<\/p>\n<p>Andr\u00e9 Freire Mastrorocco<\/p>\n<p>Ari Duarte Lira Lins<\/p>\n<p>Arilson Campos Rojas<\/p>\n<p>Cristiane Ligier de Jesus Oliveira<\/p>\n<p>Dalete de Souza Salles Borges<\/p>\n<p>Denise Rosa Samaniego<\/p>\n<p>Dinarte Nathan Santos Mendon\u00e7a<\/p>\n<p>Dorcas Pinto Paiva<\/p>\n<p>Eliete Ramos Maciel<\/p>\n<p>Estefania Manholer<\/p>\n<p>Evandro Carlos do Nascimento<\/p>\n<p>Fab\u00edola da Silva Ferreira<\/p>\n<p>Fernanda de Figueiredo Costa Leiras<\/p>\n<p>Fernanda Sindel Paz Pereiyra<\/p>\n<p>Flavia Miguel Ribeiro<\/p>\n<p>Gleice Aparecida Pinheiro da Silva Grato<\/p>\n<p>Helen Andressa da Silva Chaparro Veadrigo<\/p>\n<p>Isabel Aparecida Maia dos Santos<\/p>\n<p>Jackeline Cristina Nogueira Guerrero<\/p>\n<p>Jacqueline de Campos Rojas<\/p>\n<p>Jacqueline Sanabria Alvarez Evangelista<\/p>\n<p>Jennyclaudia Fernanda Souza Campos<\/p>\n<p>Jessica Pereira Casali<\/p>\n<p>Klebis Anderson Ferreira<\/p>\n<p>Laurinete da Silva Gon\u00e7alves<\/p>\n<p>Leopoldo Moreira Neto<\/p>\n<p>Lilian Cristina Salles da Cruz<\/p>\n<p>Lourdes Pamela Souza do Nascimento<\/p>\n<p>Luis Manoel Bezerra<\/p>\n<p>Marcela Aparecida Dorneles Duarte<\/p>\n<p>Marcela Oliveira de Farias<\/p>\n<p>Marcia Cristina Gon\u00e7alves de Souza<\/p>\n<p>Marcia Pires dos Santos<\/p>\n<p>Marcos Vinicius Rodrigues Da Silva<\/p>\n<p>Maria Alice de Paula Souza<\/p>\n<p>Maria Betania Santos Provenzano<\/p>\n<p>Maria Franciane Bezerra de Oliveira<\/p>\n<p>Maristella Samaniego Matheus<\/p>\n<p>Marli do Carmo Fiorio<\/p>\n<p>Mayara Mendes Da Cunha<\/p>\n<p>Maykon Nunes Fardim<\/p>\n<p>Micheline Medeiros dos Santos Sant\u2019Anna<\/p>\n<p>Mirian Correa da Silva de Jesus<\/p>\n<p>Natalia Buginga Ramos da Costa Sachini<\/p>\n<p>Nathana Nayra Targino<\/p>\n<p>Paula Katrina Silva e Silva<\/p>\n<p>Pedro M\u00e1rcio Medina Pessoa<\/p>\n<p>Raimundo Pinheiro santos neto<\/p>\n<p>Rennan Andrade dos Santos<\/p>\n<p>Renner Fernando da Silva C\u00f3rdova Junior<\/p>\n<p>Rosa Alessandra Rodrigues Corr\u00eaa<\/p>\n<p>Rosiene do Espirito Santo Mauro<\/p>\n<p>Shirley De Oliveira Ramalho<\/p>\n<p>Stela Cristina De Carvalho Marinho<\/p>\n<p>Tha\u00eds Aquino Sigarini Botelho<\/p>\n<p>Thais Xavier Chalega<\/p>\n<p>Tiago Trist\u00e3o Artero<\/p>\n<p>Val\u00e9ria Aparecida Benites de Oliveira Cabral<\/p>\n<p>Viviane Vilanova Rodrigues<\/p>\n<p>Wania Alecrim de Lima<\/p>\n<p>Yolanda Fernandes Rolim<\/p>\n<p>&nbsp;<\/p>\n<p><strong><u>INDEFERIDAS<\/u><\/strong><\/p>\n<p>Jane Contu (Edital \u2013 2.1.1.)<\/p>\n<p>Lucilene Rocha dos Santos (Edital 2.2 \u201cl\u201d)<\/p>\n<p>Roberto C\u00e9sar De Souza\u00a0(Edital 2.2 \u201ce\u201d)<\/p>\n<p>&nbsp;<\/p>\n<p>Corumb\u00e1, 22 de maio de 2017.<\/p>\n<p>Comiss\u00e3o de Sele\u00e7\u00e3o<\/p>\n<p>&nbsp;<\/p>\n","protected":false},"excerpt":{"rendered":"<p>Lista definitiva de inscri\u00e7\u00f5es deferidas e indeferidas 2017.2 &nbsp; DEFERIDAS Adel Ferreira Campos Junior Andr\u00e9 Freire Mastrorocco Ari Duarte Lira Lins Arilson Campos Rojas Cristiane Ligier de Jesus Oliveira Dalete de Souza Salles Borges Denise Rosa Samaniego Dinarte Nathan Santos Mendon\u00e7a Dorcas Pinto Paiva Eliete Ramos Maciel Estefania Manholer Evandro Carlos do Nascimento Fab\u00edola da [&hellip;]<\/p>\n","protected":false},"author":11787,"featured_media":1601,"comment_status":"closed","ping_status":"open","sticky":false,"template":"","format":"standard","meta":{"footnotes":""},"categories":[17,1],"tags":[],"coauthors":[],"class_list":["post-2711","post","type-post","status-publish","format-standard","has-post-thumbnail","hentry","category-destaques","category-noticias"],"_links":{"self":[{"href":"https:\/\/ppgecpan.ufms.br\/en\/wp-json\/wp\/v2\/posts\/2711","targetHints":{"allow":["GET"]}}],"collection":[{"href":"https:\/\/ppgecpan.ufms.br\/en\/wp-json\/wp\/v2\/posts"}],"about":[{"href":"https:\/\/ppgecpan.ufms.br\/en\/wp-json\/wp\/v2\/types\/post"}],"author":[{"embeddable":true,"href":"https:\/\/ppgecpan.ufms.br\/en\/wp-json\/wp\/v2\/users\/11787"}],"replies":[{"embeddable":true,"href":"https:\/\/ppgecpan.ufms.br\/en\/wp-json\/wp\/v2\/comments?post=2711"}],"version-history":[{"count":1,"href":"https:\/\/ppgecpan.ufms.br\/en\/wp-json\/wp\/v2\/posts\/2711\/revisions"}],"predecessor-version":[{"id":2712,"href":"https:\/\/ppgecpan.ufms.br\/en\/wp-json\/wp\/v2\/posts\/2711\/revisions\/2712"}],"wp:featuredmedia":[{"embeddable":true,"href":"https:\/\/ppgecpan.ufms.br\/en\/wp-json\/wp\/v2\/media\/1601"}],"wp:attachment":[{"href":"https:\/\/ppgecpan.ufms.br\/en\/wp-json\/wp\/v2\/media?parent=2711"}],"wp:term":[{"taxonomy":"category","embeddable":true,"href":"https:\/\/ppgecpan.ufms.br\/en\/wp-json\/wp\/v2\/categories?post=2711"},{"taxonomy":"post_tag","embeddable":true,"href":"https:\/\/ppgecpan.ufms.br\/en\/wp-json\/wp\/v2\/tags?post=2711"},{"taxonomy":"author","embeddable":true,"href":"https:\/\/ppgecpan.ufms.br\/en\/wp-json\/wp\/v2\/coauthors?post=2711"}],"curies":[{"name":"wp","href":"https:\/\/api.w.org\/{rel}","templated":true}]}}