{"id":2722,"date":"2017-05-30T17:07:58","date_gmt":"2017-05-30T21:07:58","guid":{"rendered":"https:\/\/ppgecpan.ufms.br\/?p=2722"},"modified":"2017-05-30T17:08:23","modified_gmt":"2017-05-30T21:08:23","slug":"convite-palestra-educacao-nao-formal-e-escola","status":"publish","type":"post","link":"https:\/\/ppgecpan.ufms.br\/en\/convite-palestra-educacao-nao-formal-e-escola\/","title":{"rendered":"Convite: Palestra \u201cEduca\u00e7\u00e3o n\u00e3o formal e a escola\u201d"},"content":{"rendered":"<div>O PPGE\/CPAN convida a comunidade acad\u00eamica para a Palestra: \u201cEduca\u00e7\u00e3o n\u00e3o formal e a escola\u201d, a ser proferida pela Professora Doutora Cristina Carvalho\u00a0&#8211; PUC\/RIO.<\/div>\n<div><\/div>\n<div>Data: <span id=\"OBJ_PREFIX_DWT4977_com_zimbra_date\" class=\"Object\"><span id=\"OBJ_PREFIX_DWT4979_com_zimbra_date\" class=\"Object\">01\/06\/2017<\/span><\/span> (<span id=\"OBJ_PREFIX_DWT4978_com_zimbra_date\" class=\"Object\"><span id=\"OBJ_PREFIX_DWT4980_com_zimbra_date\" class=\"Object\">quinta<\/span><\/span>-feira)<\/div>\n<div>Hor\u00e1rio: 18h30<\/div>\n<div>Local: Audit\u00f3rio da Unidade III, Campus do Pantanal.<\/div>\n<div><\/div>\n<div>Para mais informa\u00e7\u00f5es entrar em contato com a Secretaria do Programa:<\/div>\n<div>(67) 3234-6214<\/div>\n","protected":false},"excerpt":{"rendered":"<p>O PPGE\/CPAN convida a comunidade acad\u00eamica para a Palestra: \u201cEduca\u00e7\u00e3o n\u00e3o formal e a escola\u201d, a ser proferida pela Professora Doutora Cristina Carvalho\u00a0&#8211; PUC\/RIO. Data: 01\/06\/2017 (quinta-feira) Hor\u00e1rio: 18h30 Local: Audit\u00f3rio da Unidade III, Campus do Pantanal. Para mais informa\u00e7\u00f5es entrar em contato com a Secretaria do Programa: (67) 3234-6214<\/p>\n","protected":false},"author":11787,"featured_media":2508,"comment_status":"closed","ping_status":"open","sticky":false,"template":"","format":"standard","meta":{"footnotes":""},"categories":[17,38,1],"tags":[],"coauthors":[],"class_list":["post-2722","post","type-post","status-publish","format-standard","has-post-thumbnail","hentry","category-destaques","category-eventos-internos","category-noticias"],"_links":{"self":[{"href":"https:\/\/ppgecpan.ufms.br\/en\/wp-json\/wp\/v2\/posts\/2722","targetHints":{"allow":["GET"]}}],"collection":[{"href":"https:\/\/ppgecpan.ufms.br\/en\/wp-json\/wp\/v2\/posts"}],"about":[{"href":"https:\/\/ppgecpan.ufms.br\/en\/wp-json\/wp\/v2\/types\/post"}],"author":[{"embeddable":true,"href":"https:\/\/ppgecpan.ufms.br\/en\/wp-json\/wp\/v2\/users\/11787"}],"replies":[{"embeddable":true,"href":"https:\/\/ppgecpan.ufms.br\/en\/wp-json\/wp\/v2\/comments?post=2722"}],"version-history":[{"count":1,"href":"https:\/\/ppgecpan.ufms.br\/en\/wp-json\/wp\/v2\/posts\/2722\/revisions"}],"predecessor-version":[{"id":2723,"href":"https:\/\/ppgecpan.ufms.br\/en\/wp-json\/wp\/v2\/posts\/2722\/revisions\/2723"}],"wp:featuredmedia":[{"embeddable":true,"href":"https:\/\/ppgecpan.ufms.br\/en\/wp-json\/wp\/v2\/media\/2508"}],"wp:attachment":[{"href":"https:\/\/ppgecpan.ufms.br\/en\/wp-json\/wp\/v2\/media?parent=2722"}],"wp:term":[{"taxonomy":"category","embeddable":true,"href":"https:\/\/ppgecpan.ufms.br\/en\/wp-json\/wp\/v2\/categories?post=2722"},{"taxonomy":"post_tag","embeddable":true,"href":"https:\/\/ppgecpan.ufms.br\/en\/wp-json\/wp\/v2\/tags?post=2722"},{"taxonomy":"author","embeddable":true,"href":"https:\/\/ppgecpan.ufms.br\/en\/wp-json\/wp\/v2\/coauthors?post=2722"}],"curies":[{"name":"wp","href":"https:\/\/api.w.org\/{rel}","templated":true}]}}