{"id":2726,"date":"2017-06-02T16:42:08","date_gmt":"2017-06-02T20:42:08","guid":{"rendered":"https:\/\/ppgecpan.ufms.br\/?p=2726"},"modified":"2017-09-28T15:18:15","modified_gmt":"2017-09-28T19:18:15","slug":"convite-palestras-cultura-e-processos-formativos-adaptacao-e-resistencia-e-industria-cultural-mimesis-e-racionalidade","status":"publish","type":"post","link":"https:\/\/ppgecpan.ufms.br\/en\/convite-palestras-cultura-e-processos-formativos-adaptacao-e-resistencia-e-industria-cultural-mimesis-e-racionalidade\/","title":{"rendered":"Convite: Palestras \u201cCultura e Processos Formativos: Adapta\u00e7\u00e3o e Resist\u00eancia\u201d e &#8220;Ind\u00fastria Cultural, M\u00edmesis e Racionalidade&#8221;"},"content":{"rendered":"<div>O PPGE\/CPAN convida a comunidade acad\u00eamica para as Palestras \u201cCultura e Processos Formativos: Adapta\u00e7\u00e3o e Resist\u00eancia\u201d &#8211; Professora Doutora Juliana de Castro Chaves &#8211; UFG e &#8220;Ind\u00fastria Cultural, M\u00edmesis e Racionalidade&#8221; &#8211; Professora Doutora Isabella Fernanda Ferreira &#8211; UFMS.<\/div>\n<div><\/div>\n<div>Data: <span id=\"OBJ_PREFIX_DWT4977_com_zimbra_date\" class=\"Object\"><span id=\"OBJ_PREFIX_DWT4979_com_zimbra_date\" class=\"Object\">06\/06\/2017<\/span><\/span> (<span id=\"OBJ_PREFIX_DWT4978_com_zimbra_date\" class=\"Object\"><span id=\"OBJ_PREFIX_DWT4980_com_zimbra_date\" class=\"Object\">ter\u00e7a<\/span><\/span>-feira)<\/div>\n<div>Hor\u00e1rio: 19h<\/div>\n<div>Local: Audit\u00f3rio da Unidade III, Campus do Pantanal.<\/div>\n<div><\/div>\n<div>Ser\u00e3o\u00a0emitidas declara\u00e7\u00f5es de participa\u00e7\u00e3o.<\/div>\n<div><\/div>\n<div>Para mais informa\u00e7\u00f5es entrar em contato com a Secretaria do Programa:<\/div>\n<div>(67) 3234-6214<\/div>\n<div><\/div>\n<div>Apoio FUNDECT\/PAPOS\/CAPES<\/div>\n","protected":false},"excerpt":{"rendered":"<p>O PPGE\/CPAN convida a comunidade acad\u00eamica para as Palestras \u201cCultura e Processos Formativos: Adapta\u00e7\u00e3o e Resist\u00eancia\u201d &#8211; Professora Doutora Juliana de Castro Chaves &#8211; UFG e &#8220;Ind\u00fastria Cultural, M\u00edmesis e Racionalidade&#8221; &#8211; Professora Doutora Isabella Fernanda Ferreira &#8211; UFMS. Data: 06\/06\/2017 (ter\u00e7a-feira) Hor\u00e1rio: 19h Local: Audit\u00f3rio da Unidade III, Campus do Pantanal. Ser\u00e3o\u00a0emitidas declara\u00e7\u00f5es de [&hellip;]<\/p>\n","protected":false},"author":11787,"featured_media":2727,"comment_status":"closed","ping_status":"open","sticky":false,"template":"","format":"standard","meta":{"footnotes":""},"categories":[17,38,1],"tags":[],"coauthors":[],"class_list":["post-2726","post","type-post","status-publish","format-standard","has-post-thumbnail","hentry","category-destaques","category-eventos-internos","category-noticias"],"_links":{"self":[{"href":"https:\/\/ppgecpan.ufms.br\/en\/wp-json\/wp\/v2\/posts\/2726","targetHints":{"allow":["GET"]}}],"collection":[{"href":"https:\/\/ppgecpan.ufms.br\/en\/wp-json\/wp\/v2\/posts"}],"about":[{"href":"https:\/\/ppgecpan.ufms.br\/en\/wp-json\/wp\/v2\/types\/post"}],"author":[{"embeddable":true,"href":"https:\/\/ppgecpan.ufms.br\/en\/wp-json\/wp\/v2\/users\/11787"}],"replies":[{"embeddable":true,"href":"https:\/\/ppgecpan.ufms.br\/en\/wp-json\/wp\/v2\/comments?post=2726"}],"version-history":[{"count":2,"href":"https:\/\/ppgecpan.ufms.br\/en\/wp-json\/wp\/v2\/posts\/2726\/revisions"}],"predecessor-version":[{"id":2913,"href":"https:\/\/ppgecpan.ufms.br\/en\/wp-json\/wp\/v2\/posts\/2726\/revisions\/2913"}],"wp:featuredmedia":[{"embeddable":true,"href":"https:\/\/ppgecpan.ufms.br\/en\/wp-json\/wp\/v2\/media\/2727"}],"wp:attachment":[{"href":"https:\/\/ppgecpan.ufms.br\/en\/wp-json\/wp\/v2\/media?parent=2726"}],"wp:term":[{"taxonomy":"category","embeddable":true,"href":"https:\/\/ppgecpan.ufms.br\/en\/wp-json\/wp\/v2\/categories?post=2726"},{"taxonomy":"post_tag","embeddable":true,"href":"https:\/\/ppgecpan.ufms.br\/en\/wp-json\/wp\/v2\/tags?post=2726"},{"taxonomy":"author","embeddable":true,"href":"https:\/\/ppgecpan.ufms.br\/en\/wp-json\/wp\/v2\/coauthors?post=2726"}],"curies":[{"name":"wp","href":"https:\/\/api.w.org\/{rel}","templated":true}]}}