{"id":2751,"date":"2017-06-09T13:27:49","date_gmt":"2017-06-09T17:27:49","guid":{"rendered":"https:\/\/ppgecpan.ufms.br\/?p=2751"},"modified":"2017-06-09T13:27:49","modified_gmt":"2017-06-09T17:27:49","slug":"claudia-natacha-bassi-dagel-pessoas-com-doenca-falciforme-em-corumba-ms-educacao-nao-formal-participacao-popular-e-politicas-publicas-2","status":"publish","type":"post","link":"https:\/\/ppgecpan.ufms.br\/en\/claudia-natacha-bassi-dagel-pessoas-com-doenca-falciforme-em-corumba-ms-educacao-nao-formal-participacao-popular-e-politicas-publicas-2\/","title":{"rendered":"CLAUDIA NATACHA BASSI DAGEL &#8211; Pessoas com doen\u00e7a falciforme em Corumb\u00e1-MS: Educa\u00e7\u00e3o n\u00e3o formal, participa\u00e7\u00e3o popular e politicas p\u00fablicas"},"content":{"rendered":"<p><strong>RESUMO<\/strong><br \/>\nO objetivo desta disserta\u00e7\u00e3o \u00e9 avaliar os impactos da implanta\u00e7\u00e3o da Pol\u00edtica Nacional de Sa\u00fade Integral da Popula\u00e7\u00e3o Negra &#8211; PNSIPN, particularmente no que\u00a0se refere \u00e0 Doen\u00e7a Falciforme, no munic\u00edpio de Corumb\u00e1- MS. As quest\u00f5es relativas \u00e0 sa\u00fade da popula\u00e7\u00e3o negra e os casos de doen\u00e7a falciforme s\u00e3o debatidos com representantes do Movimento Negro local desde a d\u00e9cada de 1990. A partir de 2009 Federa\u00e7\u00e3o Nacional de Associa\u00e7\u00f5es de Pessoas com Doen\u00e7as Falciforme (Fenafal) orientou a cria\u00e7\u00e3o de uma associa\u00e7\u00e3o para implantar um programa municipal,\u00a0seguindo as diretrizes da pol\u00edtica nacional, o que desencadeou a\u00e7\u00f5es de educa\u00e7\u00e3o n\u00e3o formal do Movimento Negro de Corumb\u00e1 em tr\u00eas aspectos: educa\u00e7\u00e3o em<br \/>\nsa\u00fade, educa\u00e7\u00e3o para cidadania e orienta\u00e7\u00f5es para profissionais de tr\u00eas escolas municipais visando a perman\u00eancia das crian\u00e7as com doen\u00e7a falciforme na escola. A proposta metodol\u00f3gica desta pesquisa \u00e9 qualitativa e tem como mote a an\u00e1lise\u00a0hist\u00f3rica e social dos fen\u00f4menos estudados. Foram adotadas algumas caracter\u00edsticas da pesquisa participativa, embora n\u00e3o tenha sido elaborada a partir da demanda do grupo escolhido como objeto de estudo. Realizada pesquisa documental e bibliogr\u00e1fica, partindo da Pol\u00edtica Nacional de Sa\u00fade Integral da Popula\u00e7\u00e3o Negra, do Programa Nacional de Anemia Falciforme e da Pol\u00edtica Nacional de Aten\u00e7\u00e3o Integral \u00e0s Pessoas com Doen\u00e7a Falciforme. Os temas abordados foram: doen\u00e7a falciforme, pol\u00edticas p\u00fablicas sociais, Movimento da Reforma Sanit\u00e1ria, Sistema \u00danico de Sa\u00fade, Movimento Negro, Controle Social e a\u00a0a\u00e7\u00e3o popular na forma\u00e7\u00e3o de pol\u00edticas p\u00fablicas. A \u00faltima etapa foi a realiza\u00e7\u00e3o da Roda de Conversa com representantes da Associa\u00e7\u00e3o local, do Movimento Negro e\u00a0do Controle Social na cidade de Corumb\u00e1-MS. Percebeu-se, que a doen\u00e7a falciforme precisa ser entendida e discutida de forma transversal e multidisciplinar no<br \/>\nSUS. Atualmente o entendimento \u00e9 que as pessoas com doen\u00e7a falciforme e outras hemoglobinopatias sejam tradadas em uma Linha de Cuidado Integral e espec\u00edfica que envolva os profissionais de sa\u00fade de toda a Rede de Aten\u00e7\u00e3o em Sa\u00fade, n\u00e3o\u00a0s\u00f3 na especialidade de sangue e hemoderivados.<br \/>\n<strong>Palavras-chave:<\/strong> Controle Social, Movimento Negro de Corumb\u00e1, Linha de Cuidado Integral.<\/p>\n<p>&nbsp;<\/p>\n<ul>\n<li><a href=\"https:\/\/ppgecpan.ufms.br\/files\/2017\/06\/Claudia-Natacha-Bassi-Dagel_PPGE_UFMS.pdf\" target=\"_blank\" rel=\"noopener noreferrer\">DOWNLOAD<\/a><\/li>\n<\/ul>\n","protected":false},"excerpt":{"rendered":"<p>RESUMO O objetivo desta disserta\u00e7\u00e3o \u00e9 avaliar os impactos da implanta\u00e7\u00e3o da Pol\u00edtica Nacional de Sa\u00fade Integral da Popula\u00e7\u00e3o Negra &#8211; PNSIPN, particularmente no que\u00a0se refere \u00e0 Doen\u00e7a Falciforme, no munic\u00edpio de Corumb\u00e1- MS. As quest\u00f5es relativas \u00e0 sa\u00fade da popula\u00e7\u00e3o negra e os casos de doen\u00e7a falciforme s\u00e3o debatidos com representantes do Movimento Negro [&hellip;]<\/p>\n","protected":false},"author":11787,"featured_media":1601,"comment_status":"closed","ping_status":"open","sticky":false,"template":"","format":"standard","meta":{"footnotes":""},"categories":[61],"tags":[],"coauthors":[],"class_list":["post-2751","post","type-post","status-publish","format-standard","has-post-thumbnail","hentry","category-61"],"_links":{"self":[{"href":"https:\/\/ppgecpan.ufms.br\/en\/wp-json\/wp\/v2\/posts\/2751","targetHints":{"allow":["GET"]}}],"collection":[{"href":"https:\/\/ppgecpan.ufms.br\/en\/wp-json\/wp\/v2\/posts"}],"about":[{"href":"https:\/\/ppgecpan.ufms.br\/en\/wp-json\/wp\/v2\/types\/post"}],"author":[{"embeddable":true,"href":"https:\/\/ppgecpan.ufms.br\/en\/wp-json\/wp\/v2\/users\/11787"}],"replies":[{"embeddable":true,"href":"https:\/\/ppgecpan.ufms.br\/en\/wp-json\/wp\/v2\/comments?post=2751"}],"version-history":[{"count":1,"href":"https:\/\/ppgecpan.ufms.br\/en\/wp-json\/wp\/v2\/posts\/2751\/revisions"}],"predecessor-version":[{"id":2753,"href":"https:\/\/ppgecpan.ufms.br\/en\/wp-json\/wp\/v2\/posts\/2751\/revisions\/2753"}],"wp:featuredmedia":[{"embeddable":true,"href":"https:\/\/ppgecpan.ufms.br\/en\/wp-json\/wp\/v2\/media\/1601"}],"wp:attachment":[{"href":"https:\/\/ppgecpan.ufms.br\/en\/wp-json\/wp\/v2\/media?parent=2751"}],"wp:term":[{"taxonomy":"category","embeddable":true,"href":"https:\/\/ppgecpan.ufms.br\/en\/wp-json\/wp\/v2\/categories?post=2751"},{"taxonomy":"post_tag","embeddable":true,"href":"https:\/\/ppgecpan.ufms.br\/en\/wp-json\/wp\/v2\/tags?post=2751"},{"taxonomy":"author","embeddable":true,"href":"https:\/\/ppgecpan.ufms.br\/en\/wp-json\/wp\/v2\/coauthors?post=2751"}],"curies":[{"name":"wp","href":"https:\/\/api.w.org\/{rel}","templated":true}]}}