{"id":2773,"date":"2017-06-15T19:05:02","date_gmt":"2017-06-15T23:05:02","guid":{"rendered":"https:\/\/ppgecpan.ufms.br\/?p=2773"},"modified":"2017-06-15T19:05:02","modified_gmt":"2017-06-15T23:05:02","slug":"divulgacao-i-encontro-da-iniciativa-educacao-pobreza-e-desigualdade-socialms","status":"publish","type":"post","link":"https:\/\/ppgecpan.ufms.br\/en\/divulgacao-i-encontro-da-iniciativa-educacao-pobreza-e-desigualdade-socialms\/","title":{"rendered":"Divulga\u00e7\u00e3o: I Encontro da Iniciativa Educa\u00e7\u00e3o, Pobreza e Desigualdade Social\/MS"},"content":{"rendered":"<p>Seguem anexados o convite e a programa\u00e7\u00e3o do I Encontro da Iniciativa Educa\u00e7\u00e3o, Pobreza e Desigualdade Social\/MS, que acontecer\u00e1 em Campo Grande, nos dias 28 e 29\/07.<\/p>\n<p>&nbsp;<\/p>\n<p><a href=\"https:\/\/ppgecpan.ufms.br\/files\/2017\/06\/Programa\u00e7\u00e3o-EPDS-UFMS.pdf\" target=\"_blank\" rel=\"noopener noreferrer\">PROGRAMA\u00c7\u00c3O<\/a><\/p>\n<p>&nbsp;<\/p>\n","protected":false},"excerpt":{"rendered":"<p>Seguem anexados o convite e a programa\u00e7\u00e3o do I Encontro da Iniciativa Educa\u00e7\u00e3o, Pobreza e Desigualdade Social\/MS, que acontecer\u00e1 em Campo Grande, nos dias 28 e 29\/07. &nbsp; PROGRAMA\u00c7\u00c3O &nbsp;<\/p>\n","protected":false},"author":2660,"featured_media":2768,"comment_status":"closed","ping_status":"open","sticky":false,"template":"","format":"standard","meta":{"footnotes":""},"categories":[38],"tags":[],"coauthors":[],"class_list":["post-2773","post","type-post","status-publish","format-standard","has-post-thumbnail","hentry","category-eventos-internos"],"_links":{"self":[{"href":"https:\/\/ppgecpan.ufms.br\/en\/wp-json\/wp\/v2\/posts\/2773","targetHints":{"allow":["GET"]}}],"collection":[{"href":"https:\/\/ppgecpan.ufms.br\/en\/wp-json\/wp\/v2\/posts"}],"about":[{"href":"https:\/\/ppgecpan.ufms.br\/en\/wp-json\/wp\/v2\/types\/post"}],"author":[{"embeddable":true,"href":"https:\/\/ppgecpan.ufms.br\/en\/wp-json\/wp\/v2\/users\/2660"}],"replies":[{"embeddable":true,"href":"https:\/\/ppgecpan.ufms.br\/en\/wp-json\/wp\/v2\/comments?post=2773"}],"version-history":[{"count":1,"href":"https:\/\/ppgecpan.ufms.br\/en\/wp-json\/wp\/v2\/posts\/2773\/revisions"}],"predecessor-version":[{"id":2774,"href":"https:\/\/ppgecpan.ufms.br\/en\/wp-json\/wp\/v2\/posts\/2773\/revisions\/2774"}],"wp:featuredmedia":[{"embeddable":true,"href":"https:\/\/ppgecpan.ufms.br\/en\/wp-json\/wp\/v2\/media\/2768"}],"wp:attachment":[{"href":"https:\/\/ppgecpan.ufms.br\/en\/wp-json\/wp\/v2\/media?parent=2773"}],"wp:term":[{"taxonomy":"category","embeddable":true,"href":"https:\/\/ppgecpan.ufms.br\/en\/wp-json\/wp\/v2\/categories?post=2773"},{"taxonomy":"post_tag","embeddable":true,"href":"https:\/\/ppgecpan.ufms.br\/en\/wp-json\/wp\/v2\/tags?post=2773"},{"taxonomy":"author","embeddable":true,"href":"https:\/\/ppgecpan.ufms.br\/en\/wp-json\/wp\/v2\/coauthors?post=2773"}],"curies":[{"name":"wp","href":"https:\/\/api.w.org\/{rel}","templated":true}]}}