{"id":2788,"date":"2017-06-20T18:36:15","date_gmt":"2017-06-20T22:36:15","guid":{"rendered":"https:\/\/ppgecpan.ufms.br\/?p=2788"},"modified":"2017-09-28T15:17:48","modified_gmt":"2017-09-28T19:17:48","slug":"convite-palestra-evaluaciones-ciudadanas-de-aprendizajes-en-mexico-y-en-el-mundo-tienen-sentido-para-brasil","status":"publish","type":"post","link":"https:\/\/ppgecpan.ufms.br\/en\/convite-palestra-evaluaciones-ciudadanas-de-aprendizajes-en-mexico-y-en-el-mundo-tienen-sentido-para-brasil\/","title":{"rendered":"Convite: Palestra \u201cEvaluaciones ciudadanas de aprendizajes en M\u00e9xico y en el mundo: \u00bftienen sentido para Brasil?&#8221;"},"content":{"rendered":"<div>O PPGE\/CPAN convida a comunidade acad\u00eamica para a Palestra \u201cEvaluaciones ciudadanas de aprendizajes en M\u00e9xico y en el mundo: \u00bftienen sentido para Brasil?&#8221; \u2013 Professor Doutor Felipe Jos\u00e9 Hevia de La Jara\u00a0\u2013 Centro de Investigaciones y Estudios Superiores en Antropologia Social &#8211; CIESAS-Golfo\/M\u00e9xico.<\/div>\n<div><\/div>\n<div>Data: 2<span id=\"OBJ_PREFIX_DWT4977_com_zimbra_date\" class=\"Object\"><span id=\"OBJ_PREFIX_DWT4979_com_zimbra_date\" class=\"Object\">6\/06\/2017<\/span><\/span> (segunda-feira)<\/div>\n<div>Hor\u00e1rio: 19h<\/div>\n<div>Local: Audit\u00f3rio da Unidade III, Campus do Pantanal.<\/div>\n<div><\/div>\n<div>Ser\u00e3o\u00a0emitidas declara\u00e7\u00f5es de participa\u00e7\u00e3o.<\/div>\n<div><\/div>\n<div>Para mais informa\u00e7\u00f5es entrar em contato com a Secretaria do Programa:<\/div>\n<div>(67) 3234-6214<\/div>\n<div><\/div>\n<div>Apoio FUNDECT\/PAPOS\/CAPES<\/div>\n","protected":false},"excerpt":{"rendered":"<p>O PPGE\/CPAN convida a comunidade acad\u00eamica para a Palestra \u201cEvaluaciones ciudadanas de aprendizajes en M\u00e9xico y en el mundo: \u00bftienen sentido para Brasil?&#8221; \u2013 Professor Doutor Felipe Jos\u00e9 Hevia de La Jara\u00a0\u2013 Centro de Investigaciones y Estudios Superiores en Antropologia Social &#8211; CIESAS-Golfo\/M\u00e9xico. Data: 26\/06\/2017 (segunda-feira) Hor\u00e1rio: 19h Local: Audit\u00f3rio da Unidade III, Campus do [&hellip;]<\/p>\n","protected":false},"author":11787,"featured_media":2789,"comment_status":"closed","ping_status":"open","sticky":false,"template":"","format":"standard","meta":{"footnotes":""},"categories":[17,38,1],"tags":[],"coauthors":[],"class_list":["post-2788","post","type-post","status-publish","format-standard","has-post-thumbnail","hentry","category-destaques","category-eventos-internos","category-noticias"],"_links":{"self":[{"href":"https:\/\/ppgecpan.ufms.br\/en\/wp-json\/wp\/v2\/posts\/2788","targetHints":{"allow":["GET"]}}],"collection":[{"href":"https:\/\/ppgecpan.ufms.br\/en\/wp-json\/wp\/v2\/posts"}],"about":[{"href":"https:\/\/ppgecpan.ufms.br\/en\/wp-json\/wp\/v2\/types\/post"}],"author":[{"embeddable":true,"href":"https:\/\/ppgecpan.ufms.br\/en\/wp-json\/wp\/v2\/users\/11787"}],"replies":[{"embeddable":true,"href":"https:\/\/ppgecpan.ufms.br\/en\/wp-json\/wp\/v2\/comments?post=2788"}],"version-history":[{"count":3,"href":"https:\/\/ppgecpan.ufms.br\/en\/wp-json\/wp\/v2\/posts\/2788\/revisions"}],"predecessor-version":[{"id":2912,"href":"https:\/\/ppgecpan.ufms.br\/en\/wp-json\/wp\/v2\/posts\/2788\/revisions\/2912"}],"wp:featuredmedia":[{"embeddable":true,"href":"https:\/\/ppgecpan.ufms.br\/en\/wp-json\/wp\/v2\/media\/2789"}],"wp:attachment":[{"href":"https:\/\/ppgecpan.ufms.br\/en\/wp-json\/wp\/v2\/media?parent=2788"}],"wp:term":[{"taxonomy":"category","embeddable":true,"href":"https:\/\/ppgecpan.ufms.br\/en\/wp-json\/wp\/v2\/categories?post=2788"},{"taxonomy":"post_tag","embeddable":true,"href":"https:\/\/ppgecpan.ufms.br\/en\/wp-json\/wp\/v2\/tags?post=2788"},{"taxonomy":"author","embeddable":true,"href":"https:\/\/ppgecpan.ufms.br\/en\/wp-json\/wp\/v2\/coauthors?post=2788"}],"curies":[{"name":"wp","href":"https:\/\/api.w.org\/{rel}","templated":true}]}}