{"id":2793,"date":"2017-06-21T16:14:25","date_gmt":"2017-06-21T20:14:25","guid":{"rendered":"https:\/\/ppgecpan.ufms.br\/?p=2793"},"modified":"2017-06-21T16:14:25","modified_gmt":"2017-06-21T20:14:25","slug":"selecao-para-alunos-regulares-candidatos-aprovados-na-analise-do-anteprojeto","status":"publish","type":"post","link":"https:\/\/ppgecpan.ufms.br\/en\/selecao-para-alunos-regulares-candidatos-aprovados-na-analise-do-anteprojeto\/","title":{"rendered":"SELE\u00c7\u00c3O PARA ALUNOS REGULARES \u2013 CANDIDATOS APROVADOS NA AN\u00c1LISE DO ANTEPROJETO"},"content":{"rendered":"<p><strong>SELE\u00c7\u00c3O PARA ALUNOS REGULARES \u2013 PPGE\/CPAN<\/strong><\/p>\n<p><strong>EDITAL N\u00b0 57, DE 07 DE ABRIL DE 2017<\/strong><\/p>\n<p><strong>\u00a0<\/strong><\/p>\n<p><strong>Lista dos candidatos aprovados na 2\u00aa etapa (an\u00e1lise do anteprojeto) e que passaram para a 3\u00aa etapa (defesa oral do anteprojeto):<\/strong><\/p>\n<ol>\n<li>Andr\u00e9 Freire Mastrorocco<\/li>\n<li>Dalete de Souza Salles Borges<\/li>\n<li>Dorcas Pinto Paiva<\/li>\n<li>Estefania Manholer<\/li>\n<li>Evandro Carlos do Nascimento<\/li>\n<li>Fab\u00edola da Silva Ferreira<\/li>\n<li>Fernanda de Figueiredo Costa Leiras<\/li>\n<li>Flavia Miguel Ribeiro<\/li>\n<li>Gleice Aparecida Pinheiro da Silva Grato<\/li>\n<li>Jackeline Cristina Nogueira Guerrero<\/li>\n<li>Jessica Pereira Casali<\/li>\n<li>Marcia Pires dos Santos<\/li>\n<li>Maria Betania Santos Provenzano<\/li>\n<li>Micheline Medeiros dos Santos Sant\u2019Anna<\/li>\n<li>Mirian Correa da Silva de Jesus<\/li>\n<li>Paula Katrina Silva e Silva<\/li>\n<li>Rennan Andrade dos Santos<\/li>\n<li>Rosa Alessandra Rodrigues Corr\u00eaa<\/li>\n<li>Tha\u00eds Aquino Sigarini Botelho<\/li>\n<li>Tiago Trist\u00e3o Artero<\/li>\n<li>Val\u00e9ria Aparecida Benites de Oliveira Cabral<\/li>\n<\/ol>\n<p>&nbsp;<\/p>\n","protected":false},"excerpt":{"rendered":"<p>SELE\u00c7\u00c3O PARA ALUNOS REGULARES \u2013 PPGE\/CPAN EDITAL N\u00b0 57, DE 07 DE ABRIL DE 2017 \u00a0 Lista dos candidatos aprovados na 2\u00aa etapa (an\u00e1lise do anteprojeto) e que passaram para a 3\u00aa etapa (defesa oral do anteprojeto): Andr\u00e9 Freire Mastrorocco Dalete de Souza Salles Borges Dorcas Pinto Paiva Estefania Manholer Evandro Carlos do Nascimento Fab\u00edola [&hellip;]<\/p>\n","protected":false},"author":11787,"featured_media":2634,"comment_status":"closed","ping_status":"open","sticky":false,"template":"","format":"standard","meta":{"footnotes":""},"categories":[17,1],"tags":[],"coauthors":[],"class_list":["post-2793","post","type-post","status-publish","format-standard","has-post-thumbnail","hentry","category-destaques","category-noticias"],"_links":{"self":[{"href":"https:\/\/ppgecpan.ufms.br\/en\/wp-json\/wp\/v2\/posts\/2793","targetHints":{"allow":["GET"]}}],"collection":[{"href":"https:\/\/ppgecpan.ufms.br\/en\/wp-json\/wp\/v2\/posts"}],"about":[{"href":"https:\/\/ppgecpan.ufms.br\/en\/wp-json\/wp\/v2\/types\/post"}],"author":[{"embeddable":true,"href":"https:\/\/ppgecpan.ufms.br\/en\/wp-json\/wp\/v2\/users\/11787"}],"replies":[{"embeddable":true,"href":"https:\/\/ppgecpan.ufms.br\/en\/wp-json\/wp\/v2\/comments?post=2793"}],"version-history":[{"count":1,"href":"https:\/\/ppgecpan.ufms.br\/en\/wp-json\/wp\/v2\/posts\/2793\/revisions"}],"predecessor-version":[{"id":2794,"href":"https:\/\/ppgecpan.ufms.br\/en\/wp-json\/wp\/v2\/posts\/2793\/revisions\/2794"}],"wp:featuredmedia":[{"embeddable":true,"href":"https:\/\/ppgecpan.ufms.br\/en\/wp-json\/wp\/v2\/media\/2634"}],"wp:attachment":[{"href":"https:\/\/ppgecpan.ufms.br\/en\/wp-json\/wp\/v2\/media?parent=2793"}],"wp:term":[{"taxonomy":"category","embeddable":true,"href":"https:\/\/ppgecpan.ufms.br\/en\/wp-json\/wp\/v2\/categories?post=2793"},{"taxonomy":"post_tag","embeddable":true,"href":"https:\/\/ppgecpan.ufms.br\/en\/wp-json\/wp\/v2\/tags?post=2793"},{"taxonomy":"author","embeddable":true,"href":"https:\/\/ppgecpan.ufms.br\/en\/wp-json\/wp\/v2\/coauthors?post=2793"}],"curies":[{"name":"wp","href":"https:\/\/api.w.org\/{rel}","templated":true}]}}