{"id":2796,"date":"2017-06-22T19:42:46","date_gmt":"2017-06-22T23:42:46","guid":{"rendered":"https:\/\/ppgecpan.ufms.br\/?p=2796"},"modified":"2017-06-22T19:43:35","modified_gmt":"2017-06-22T23:43:35","slug":"i-congreso-internacional-de-inclusion-y-mejora-educativa-espana","status":"publish","type":"post","link":"https:\/\/ppgecpan.ufms.br\/en\/i-congreso-internacional-de-inclusion-y-mejora-educativa-espana\/","title":{"rendered":"I Congreso Internacional de Inclusi\u00f3n y Mejora Educativa, Espa\u00f1a"},"content":{"rendered":"<div>En nombre del grupo de investigaci\u00f3n que coordino\u00a0:\u00a0\u201cInclusi\u00f3n y Mejora Educativa: Convivencia y Aprendizaje Cooperativo\u201d (IMECA) de la Universidad de Alcal\u00e1 me gustar\u00eda volver a agradeceros vuestra futura participaci\u00f3n en el\u00a0\u201c<b>I Congreso Internacional de Inclusi\u00f3n y Mejora Educativa<\/b>\u201d que se realizar\u00e1 en\u00a0<b>Alcal\u00e1 de Henares<\/b>, Espa\u00f1a, del\u00a0<b>25 de octubre al 27 de octubre de 2017<\/b>.<\/div>\n<div align=\"justify\"><\/div>\n<div align=\"justify\">Este Congreso ser\u00e1 un espacio de trabajo y reflexi\u00f3n\u00a0de car\u00e1cter cient\u00edfico orientado a analizar y debatir propuestas y avances sobre la educaci\u00f3n inclusiva, y las propuestas de mejora coherentes con una educaci\u00f3n para todos. Se pretenden abordar y debatir los desaf\u00edos y retos, pero tambi\u00e9n las evidencias que hacen posible una escuela inclusiva desde una perspectiva te\u00f3rica y pr\u00e1ctica. Las conferencias, las mesas redondas y los simposios, con invitados de algunos grupos de investigaci\u00f3n de referencia en las tem\u00e1ticas, se centrar\u00e1n en las implicaciones que el aprendizaje cooperativo y la convivencia escolar plantean a las instituciones educativas para hacer efectiva la inclusi\u00f3n. Estos temas son los que articulan este Congreso.<\/div>\n<div align=\"justify\"><\/div>\n<div align=\"justify\">Sin duda ser\u00e1 un acontecimiento educativo de gran relevancia nacional e internacional y que contar\u00e1 con personalidades de gran prestigio como son: Johan Galtung, los hermanos Johnson (David y Roger Johnson), Juan Manuel Escudero y Antonio Bol\u00edvar.<\/div>\n<div align=\"justify\"><\/div>\n<div align=\"justify\">Asimismo, hay que recalcar el formidable marco donde se desarrollar\u00e1, la ciudad de Alcal\u00e1 de Henares, declarada Patrimonio de la Humanidad por la UNESCO.<\/div>\n<div align=\"justify\"><\/div>\n<div align=\"justify\">Por todo ello, os\u00a0animamos a participar activamente en este Congreso y a que lo divulgu\u00e9is entre vuestros compa\u00f1eros de grupos de investigaci\u00f3n, doctorandos y dem\u00e1s interesados. El plazo para el env\u00edo de comunicaciones\u00a0ya est\u00e1 abierto \u00a0<b>hasta el 15 de septiembre<\/b>.<\/div>\n<div align=\"justify\"><\/div>\n<div align=\"justify\">Para m\u00e1s informaci\u00f3n os remitimos a la web del Congreso:<\/div>\n<div align=\"justify\"><\/div>\n<div align=\"center\"><a id=\"m_-6459835447600286438m_-3096145566874110034LPlnk885366\" href=\"https:\/\/congresosalcala.fgua.es\/ciime2017\" target=\"_blank\" rel=\"noopener noreferrer\"><span id=\"m_-6459835447600286438m_-3096145566874110034LPlnk885366\">https:\/\/congresosalcala.fgua.es\/ciime2017<\/span><\/a><\/div>\n","protected":false},"excerpt":{"rendered":"<p>En nombre del grupo de investigaci\u00f3n que coordino\u00a0:\u00a0\u201cInclusi\u00f3n y Mejora Educativa: Convivencia y Aprendizaje Cooperativo\u201d (IMECA) de la Universidad de Alcal\u00e1 me gustar\u00eda volver a agradeceros vuestra futura participaci\u00f3n en el\u00a0\u201cI Congreso Internacional de Inclusi\u00f3n y Mejora Educativa\u201d que se realizar\u00e1 en\u00a0Alcal\u00e1 de Henares, Espa\u00f1a, del\u00a025 de octubre al 27 de octubre de 2017. Este [&hellip;]<\/p>\n","protected":false},"author":2660,"featured_media":2797,"comment_status":"closed","ping_status":"open","sticky":false,"template":"","format":"standard","meta":{"footnotes":""},"categories":[38],"tags":[],"coauthors":[],"class_list":["post-2796","post","type-post","status-publish","format-standard","has-post-thumbnail","hentry","category-eventos-internos"],"_links":{"self":[{"href":"https:\/\/ppgecpan.ufms.br\/en\/wp-json\/wp\/v2\/posts\/2796","targetHints":{"allow":["GET"]}}],"collection":[{"href":"https:\/\/ppgecpan.ufms.br\/en\/wp-json\/wp\/v2\/posts"}],"about":[{"href":"https:\/\/ppgecpan.ufms.br\/en\/wp-json\/wp\/v2\/types\/post"}],"author":[{"embeddable":true,"href":"https:\/\/ppgecpan.ufms.br\/en\/wp-json\/wp\/v2\/users\/2660"}],"replies":[{"embeddable":true,"href":"https:\/\/ppgecpan.ufms.br\/en\/wp-json\/wp\/v2\/comments?post=2796"}],"version-history":[{"count":1,"href":"https:\/\/ppgecpan.ufms.br\/en\/wp-json\/wp\/v2\/posts\/2796\/revisions"}],"predecessor-version":[{"id":2798,"href":"https:\/\/ppgecpan.ufms.br\/en\/wp-json\/wp\/v2\/posts\/2796\/revisions\/2798"}],"wp:featuredmedia":[{"embeddable":true,"href":"https:\/\/ppgecpan.ufms.br\/en\/wp-json\/wp\/v2\/media\/2797"}],"wp:attachment":[{"href":"https:\/\/ppgecpan.ufms.br\/en\/wp-json\/wp\/v2\/media?parent=2796"}],"wp:term":[{"taxonomy":"category","embeddable":true,"href":"https:\/\/ppgecpan.ufms.br\/en\/wp-json\/wp\/v2\/categories?post=2796"},{"taxonomy":"post_tag","embeddable":true,"href":"https:\/\/ppgecpan.ufms.br\/en\/wp-json\/wp\/v2\/tags?post=2796"},{"taxonomy":"author","embeddable":true,"href":"https:\/\/ppgecpan.ufms.br\/en\/wp-json\/wp\/v2\/coauthors?post=2796"}],"curies":[{"name":"wp","href":"https:\/\/api.w.org\/{rel}","templated":true}]}}