{"id":2832,"date":"2017-07-13T15:47:31","date_gmt":"2017-07-13T19:47:31","guid":{"rendered":"https:\/\/ppgecpan.ufms.br\/?p=2832"},"modified":"2017-07-13T15:53:15","modified_gmt":"2017-07-13T19:53:15","slug":"vii-encontro-de-politicas-e-praticas-de-formacao-de-professores-e-iii-seminario-da-associacao-nacional-de-politica-e-administracao-da-educacao-de-mato-grosso-do-sul","status":"publish","type":"post","link":"https:\/\/ppgecpan.ufms.br\/en\/vii-encontro-de-politicas-e-praticas-de-formacao-de-professores-e-iii-seminario-da-associacao-nacional-de-politica-e-administracao-da-educacao-de-mato-grosso-do-sul\/","title":{"rendered":"VII Encontro de Pol\u00edticas e Pr\u00e1ticas de Forma\u00e7\u00e3o de Professores e III Semin\u00e1rio da Associa\u00e7\u00e3o Nacional de Pol\u00edtica e Administra\u00e7\u00e3o da Educa\u00e7\u00e3o de Mato Grosso do Sul"},"content":{"rendered":"<div>A\u00a0Universidade Federal de Mato Grosso do Sul, em parceria com a Universidade Federal da Grande Dourados, a Universidade Estadual de Mato Grosso do Sul e a Universidade Cat\u00f3lica Dom Bosco, est\u00e1 organizando o\u00a0<strong>VII Encontro de Pol\u00edticas e Pr\u00e1ticas de Forma\u00e7\u00e3o de Professores<\/strong>\u00a0e\u00a0<strong>III<\/strong><strong>\u00a0<\/strong><strong>Semin\u00e1rio da Associa\u00e7\u00e3o Nacional de Pol\u00edtica e Administra\u00e7\u00e3o da Educa\u00e7\u00e3o de Mato Grosso do Sul,\u00a0<\/strong>que acontecer\u00e1 nos dias 25\/10\/2017 ao dia 27\/10\/2017.<\/div>\n<div>\n<p>Para mais informa\u00e7\u00f5es consulte o site:\u00a0<em><a href=\"https:\/\/profrederico.wixsite.com\/viiencontro\" target=\"_blank\" rel=\"noopener noreferrer\">https:\/\/profrederico.wixsite.com\/viiencontro<\/a><\/em>.<\/p>\n<\/div>\n","protected":false},"excerpt":{"rendered":"<p>A\u00a0Universidade Federal de Mato Grosso do Sul, em parceria com a Universidade Federal da Grande Dourados, a Universidade Estadual de Mato Grosso do Sul e a Universidade Cat\u00f3lica Dom Bosco, est\u00e1 organizando o\u00a0VII Encontro de Pol\u00edticas e Pr\u00e1ticas de Forma\u00e7\u00e3o de Professores\u00a0e\u00a0III\u00a0Semin\u00e1rio da Associa\u00e7\u00e3o Nacional de Pol\u00edtica e Administra\u00e7\u00e3o da Educa\u00e7\u00e3o de Mato Grosso do [&hellip;]<\/p>\n","protected":false},"author":2660,"featured_media":2833,"comment_status":"closed","ping_status":"open","sticky":false,"template":"","format":"standard","meta":{"footnotes":""},"categories":[17,38,1],"tags":[],"coauthors":[],"class_list":["post-2832","post","type-post","status-publish","format-standard","has-post-thumbnail","hentry","category-destaques","category-eventos-internos","category-noticias"],"_links":{"self":[{"href":"https:\/\/ppgecpan.ufms.br\/en\/wp-json\/wp\/v2\/posts\/2832","targetHints":{"allow":["GET"]}}],"collection":[{"href":"https:\/\/ppgecpan.ufms.br\/en\/wp-json\/wp\/v2\/posts"}],"about":[{"href":"https:\/\/ppgecpan.ufms.br\/en\/wp-json\/wp\/v2\/types\/post"}],"author":[{"embeddable":true,"href":"https:\/\/ppgecpan.ufms.br\/en\/wp-json\/wp\/v2\/users\/2660"}],"replies":[{"embeddable":true,"href":"https:\/\/ppgecpan.ufms.br\/en\/wp-json\/wp\/v2\/comments?post=2832"}],"version-history":[{"count":4,"href":"https:\/\/ppgecpan.ufms.br\/en\/wp-json\/wp\/v2\/posts\/2832\/revisions"}],"predecessor-version":[{"id":2837,"href":"https:\/\/ppgecpan.ufms.br\/en\/wp-json\/wp\/v2\/posts\/2832\/revisions\/2837"}],"wp:featuredmedia":[{"embeddable":true,"href":"https:\/\/ppgecpan.ufms.br\/en\/wp-json\/wp\/v2\/media\/2833"}],"wp:attachment":[{"href":"https:\/\/ppgecpan.ufms.br\/en\/wp-json\/wp\/v2\/media?parent=2832"}],"wp:term":[{"taxonomy":"category","embeddable":true,"href":"https:\/\/ppgecpan.ufms.br\/en\/wp-json\/wp\/v2\/categories?post=2832"},{"taxonomy":"post_tag","embeddable":true,"href":"https:\/\/ppgecpan.ufms.br\/en\/wp-json\/wp\/v2\/tags?post=2832"},{"taxonomy":"author","embeddable":true,"href":"https:\/\/ppgecpan.ufms.br\/en\/wp-json\/wp\/v2\/coauthors?post=2832"}],"curies":[{"name":"wp","href":"https:\/\/api.w.org\/{rel}","templated":true}]}}