{"id":2851,"date":"2017-08-01T09:34:48","date_gmt":"2017-08-01T13:34:48","guid":{"rendered":"https:\/\/ppgecpan.ufms.br\/?p=2851"},"modified":"2017-08-01T09:37:16","modified_gmt":"2017-08-01T13:37:16","slug":"cpan-realiza-iv-coloquio-internacional-de-pesquisa","status":"publish","type":"post","link":"https:\/\/ppgecpan.ufms.br\/en\/cpan-realiza-iv-coloquio-internacional-de-pesquisa\/","title":{"rendered":"CPAN realiza IV Col\u00f3quio Internacional de Pesquisa"},"content":{"rendered":"<p>De 3 a 5 de agosto, o c\u00e2mpus do Pantanal (CPAN\/UFMS) realiza o IV Col\u00f3quio Internacional de Pesquisa Coopera\u00e7\u00e3o Brasil-Bol\u00edvia. O evento vai acontecer em Puerto Suarez, Bolivia e em Corumb\u00e1, com o objetivo de apresentar os resultados das pesquisas realizadas em 2016, decorrentes de um acordo de coopera\u00e7\u00e3o entre o CPAN\/UFMS e UAGRAM\/Bolivia.<\/p>\n<p>O acordo de coopera\u00e7\u00e3o existe desde novembro de 2015, e, no per\u00edodo de 25 de julho a 5 de agosto deste ano, ser\u00e3o realizadas atividades de pesquisa de campo entre o Brasil e a Bol\u00edvia, nas cidades de Corumb\u00e1 e Lad\u00e1rio, Puerto Quijarro e Puerto Su\u00e1rez. A coopera\u00e7\u00e3o internacional envolve em 2017, 32 pesquisadores da gradua\u00e7\u00e3o e p\u00f3s-gradua\u00e7\u00e3o das universidades envolvidas.<\/p>\n<p>Em Corumb\u00e1, o evento cient\u00edfico acontecer\u00e1 nos dias 04 e 05 de agosto\/2017 no Audit\u00f3rio da Unidade III da UFMS. As pesquisas j\u00e1 foram publicadas na revista Geopantanal, na Edi\u00e7\u00e3o Especial de 2016. Confira a programa\u00e7\u00e3o.<\/p>\n<p><a href=\"https:\/\/ppgecpan.ufms.br\/files\/2017\/08\/BANNER-IV-COL\u00d3QUIO-INTERNACIONAL-DE-PESQUISA-NEPI-2017-2.pdf\">BANNER-IV-COL\u00d3QUIO-INTERNACIONAL-DE-PESQUISA-NEPI-2017-2<\/a><\/p>\n<p><a href=\"https:\/\/ppgecpan.ufms.br\/files\/2017\/08\/PESQUISAS-NEPI-PANTANAL-2017-IDENTIFICA\u00c7\u00c3O-2.pdf\">PESQUISAS-NEPI-PANTANAL-2017-IDENTIFICA\u00c7\u00c3O-2<\/a><\/p>\n","protected":false},"excerpt":{"rendered":"<p>De 3 a 5 de agosto, o c\u00e2mpus do Pantanal (CPAN\/UFMS) realiza o IV Col\u00f3quio Internacional de Pesquisa Coopera\u00e7\u00e3o Brasil-Bol\u00edvia. O evento vai acontecer em Puerto Suarez, Bolivia e em Corumb\u00e1, com o objetivo de apresentar os resultados das pesquisas realizadas em 2016, decorrentes de um acordo de coopera\u00e7\u00e3o entre o CPAN\/UFMS e UAGRAM\/Bolivia. O [&hellip;]<\/p>\n","protected":false},"author":11787,"featured_media":0,"comment_status":"closed","ping_status":"open","sticky":false,"template":"","format":"standard","meta":{"footnotes":""},"categories":[17,38,1],"tags":[],"coauthors":[],"class_list":["post-2851","post","type-post","status-publish","format-standard","hentry","category-destaques","category-eventos-internos","category-noticias"],"_links":{"self":[{"href":"https:\/\/ppgecpan.ufms.br\/en\/wp-json\/wp\/v2\/posts\/2851","targetHints":{"allow":["GET"]}}],"collection":[{"href":"https:\/\/ppgecpan.ufms.br\/en\/wp-json\/wp\/v2\/posts"}],"about":[{"href":"https:\/\/ppgecpan.ufms.br\/en\/wp-json\/wp\/v2\/types\/post"}],"author":[{"embeddable":true,"href":"https:\/\/ppgecpan.ufms.br\/en\/wp-json\/wp\/v2\/users\/11787"}],"replies":[{"embeddable":true,"href":"https:\/\/ppgecpan.ufms.br\/en\/wp-json\/wp\/v2\/comments?post=2851"}],"version-history":[{"count":2,"href":"https:\/\/ppgecpan.ufms.br\/en\/wp-json\/wp\/v2\/posts\/2851\/revisions"}],"predecessor-version":[{"id":2856,"href":"https:\/\/ppgecpan.ufms.br\/en\/wp-json\/wp\/v2\/posts\/2851\/revisions\/2856"}],"wp:attachment":[{"href":"https:\/\/ppgecpan.ufms.br\/en\/wp-json\/wp\/v2\/media?parent=2851"}],"wp:term":[{"taxonomy":"category","embeddable":true,"href":"https:\/\/ppgecpan.ufms.br\/en\/wp-json\/wp\/v2\/categories?post=2851"},{"taxonomy":"post_tag","embeddable":true,"href":"https:\/\/ppgecpan.ufms.br\/en\/wp-json\/wp\/v2\/tags?post=2851"},{"taxonomy":"author","embeddable":true,"href":"https:\/\/ppgecpan.ufms.br\/en\/wp-json\/wp\/v2\/coauthors?post=2851"}],"curies":[{"name":"wp","href":"https:\/\/api.w.org\/{rel}","templated":true}]}}