{"id":2872,"date":"2017-08-14T15:44:51","date_gmt":"2017-08-14T19:44:51","guid":{"rendered":"https:\/\/ppgecpan.ufms.br\/?p=2872"},"modified":"2017-08-14T15:45:22","modified_gmt":"2017-08-14T19:45:22","slug":"selecao-de-alunos-especiais-2017-2-lista-de-candidatos-com-inscricao-deferida","status":"publish","type":"post","link":"https:\/\/ppgecpan.ufms.br\/en\/selecao-de-alunos-especiais-2017-2-lista-de-candidatos-com-inscricao-deferida\/","title":{"rendered":"Sele\u00e7\u00e3o de Alunos Especiais 2017.2: Lista de candidatos com inscri\u00e7\u00e3o deferida"},"content":{"rendered":"<p><strong>Sele\u00e7\u00e3o de Alunos Especiais 2017.2<\/strong><\/p>\n<p><strong>Lista de candidatos com inscri\u00e7\u00e3o deferida<\/strong><\/p>\n<p>&nbsp;<\/p>\n<p><strong>ATEN\u00c7\u00c3O: A DATA DA MATR\u00cdCULA SER\u00c1 S\u00d3 NOS DIA 17 E 18 DE AGOSTO DE 2017, DAS 07H30 \u00c0S 11H E DAS 13H30 \u00c0S 17H.<\/strong><\/p>\n<p><strong>\u00a0<\/strong><\/p>\n<p><strong>DOCUMENTOS PARA MATR\u00cdCULA:<\/strong><\/p>\n<p>\u2013 Os candidatos que tiveram sua\u00a0<strong> inscri\u00e7\u00e3o deferida<\/strong>\u00a0dever\u00e3o comparecer na secretaria do PPGE (Rua Domingos Sahib, 99, Bairro Cervejaria, em frente ao Centro de Conven\u00e7\u00f5es), nos dias 17 <u>ou<\/u> 18 de agosto para efetuar matr\u00edcula com o <u>Requerimento de Matr\u00edcula<\/u>, <a href=\"https:\/\/ppgecpan.ufms.br\/files\/2017\/08\/Requerimento-de-matr\u00edcula-alun.-especial-2017.1.doc\" target=\"_blank\" rel=\"noopener noreferrer\"><strong>em anexo<\/strong><\/a>, preenchido e assinado e <u>original e c\u00f3pia<\/u> <strong>ou<\/strong> <u>c\u00f3pia autenticada<\/u> de: CERTID\u00c3O DE NASCIMENTO OU CASAMENTO, RG, CPF, T\u00cdTULO DE ELEITOR, CERTIFICADO DE CONCLUS\u00c3O DE GRADUA\u00c7\u00c3O OU DIPLOMA E CERTIFICADO DE RESERVISTA.<\/p>\n<p><strong>\u00a0<\/strong><\/p>\n<p><strong>Disciplina: Cultura, consci\u00eancia e educa\u00e7\u00e3o \u2013 60h \u2013 Prof.\u00aa Dr.\u00aa Beatriz Rosalia Gomes Xavier Flandoli\u00a0 \u2013 \u00c0s segundas feiras, das 14h \u00e0s 18h.<\/strong><\/p>\n<p>Aparecida Donizeti da Silva<\/p>\n<p>Edna Bras de Souza<\/p>\n<p>Evelyn da Silva Campos<\/p>\n<p>Jane da Guia Sigarini Lopes<\/p>\n<p>&nbsp;<\/p>\n<p><strong>Disciplina: Cultura pantaneira: costumes, tradi\u00e7\u00f5es e saberes locais &#8211; 30h &#8211; Prof.\u00ba Dr.\u00ba Jos\u00e9 Fonseca da Rocha Filho \u2013 \u00c0s quartas feiras, das 18h30 \u00e0s 22h30.<\/strong><\/p>\n<p>Adriana Duarte de Oliveira<\/p>\n<p>Ari Duarte Lira Lins<\/p>\n<p>Genival da Cunha de Paula J\u00fanior<\/p>\n<p>Gleice Aparecida Pinheiro da Silva Grato<\/p>\n<p>Laurinete da Silva Gon\u00e7alves<\/p>\n<p>Luciene Lemos de Campos<\/p>\n<p>Patricia Costa da Silva<\/p>\n<p>Taciana Amarilio dos Santos<\/p>\n<p>&nbsp;<\/p>\n<p><strong>Disciplina: Educa\u00e7\u00e3o, conceitos e teorias sobre viol\u00eancia contra mulheres \u2013 45h &#8211; Prof.\u00aa Dr.\u00aa Cl\u00e1udia Ara\u00fajo de Lima \u2013 \u00c0s quintas feiras, das 18h30 \u00e0s 21h30.<\/strong><\/p>\n<p>Ana Maria Lemos de Aquino Oliveira<\/p>\n<p>Andr\u00e9a Duarte de Oliveira<\/p>\n<p>Andreia Cristina Campos de Moraes<\/p>\n<p>Andressa Sara Neves Correia Lima<\/p>\n<p>Beatriz Ros\u00e1lia Ribeiro Cavassa de oliveira<\/p>\n<p>Carla dos Santos Machado Salentim<\/p>\n<p>Cristiane Ferreira Verlaine de Oliveira<\/p>\n<p>Esthermira Rodrigues Pedroso<\/p>\n<p>Jane Contu<\/p>\n<p>Magna Auxiliadora Martines<\/p>\n<p>M\u00e1rcia Cristines Rocha<\/p>\n<p>Maria Ang\u00e9lica de Jesus Tim\u00f3teo<\/p>\n<p>Maria Betania Santos Provenzano<\/p>\n<p>Maria F\u00e1tima dos Santos<\/p>\n<p>Miguel Gon\u00e7alves De Moraes<\/p>\n<p>Patricia Valenzuelo de oliveira<\/p>\n<p>Renata Miceno Papa<\/p>\n<p>Rosiene Do Espirito Santo Mauro<\/p>\n<p>Sonia Maria Gon\u00e7alves de Moraes Mendes<\/p>\n<p>Sylvia R\u00f4a Adelaido do Espirito Santo<\/p>\n<p>Wania Alecrim de Lima<\/p>\n<p><strong>Disciplina: Educa\u00e7\u00e3o Especial: pol\u00edticas, processos e pr\u00e1ticas \u2013 30h &#8211; Prof.\u00aa Dr.\u00aa Nesdete Mesquita Corr\u00eaa \u2013 Ser\u00e1 ministrada de forma concentrada, nos dias 4 a 6\/09\/2017, nos seguintes hor\u00e1rios:<\/strong><\/p>\n<p><strong>\u00a0\u00a0\u00a0\u00a0\u00a0\u00a0\u00a0\u00a0\u00a0\u00a0\u00a0\u00a0 \u00a04\/09 &#8211; 13h30min \u00e0s 17h e das 19h \u00e0s 21h30<\/strong><\/p>\n<p><strong>\u00a0\u00a0\u00a0\u00a0\u00a0\u00a0\u00a0\u00a0\u00a0\u00a0\u00a0\u00a0\u00a0 5\/09 &#8211; 8h \u00e0s 11h e das 13h \u00e0s 17h30min<\/strong><\/p>\n<p><strong>\u00a0\u00a0\u00a0\u00a0\u00a0\u00a0\u00a0\u00a0\u00a0\u00a0\u00a0\u00a0\u00a0 6\/09 &#8211; 8h \u00e0s 11h e das 13h \u00e0s 17h30min <\/strong><\/p>\n<p><strong>\u00a0<\/strong><\/p>\n<p>Charyze De Holanda Vieira<\/p>\n<p>Danielle dos Santos Belzu Choque<\/p>\n<p>Daniely Rodrigues Araujo<\/p>\n<p>Eugenia Alexandra Blacuth de Tomich\u00e1 Vera<\/p>\n<p>Priscila Fabiana Raquel da Silva<\/p>\n<p>Renata Camargo de Souza Veron Esnarriaga<\/p>\n<p>Shelma Gra\u00e7a Regina de Oliveira Zaleski<\/p>\n<p>&nbsp;<\/p>\n<p><strong>Disciplina: Educa\u00e7\u00e3o Social \u2013 60h &#8211; Prof.\u00aa Dr.\u00aa Cl\u00e1udia Ara\u00fajo de Lima \u2013 \u00c0s quintas feiras, das 08h \u00e0s 12h.<\/strong><\/p>\n<p>Ana Giza de Sant Anna Vargas<\/p>\n<p>Ana Rosa Marinho Sahib Britto<\/p>\n<p>Eliane Ceri Assis Santana<\/p>\n<p>Fernanda Sindel Paz Pereira<\/p>\n<p>Nely Ramona da Costa Santos<\/p>\n<p>Rosemary Botelho Moreira de Souza<\/p>\n<p>&nbsp;<\/p>\n<p><strong>Disciplina:\u00a0 Fundamentos e pr\u00e1ticas da educa\u00e7\u00e3o infantil \u2013 60h &#8211; Prof.\u00aa Dr.\u00aa S\u00edlvia Adriana Rodrigues \u2013 \u00c0s segundas feiras, das 18h30 \u00e0s 22h30.<\/strong><\/p>\n<p>Cl\u00e9ia Rodrigues de Oliveira<\/p>\n<p>Diego Rodrigues da Silva<\/p>\n<p>Itamar Ferreira C\u00e9sar<\/p>\n<p>La\u00edssa Ramos Hassan de Oliveira Britto<\/p>\n<p>Leandro Freitas de Lima<\/p>\n<p>Lineise\u00a0 Auxiliadora Amarilio dos Santos<\/p>\n<p>Lucia Helena Coelho Vianna<\/p>\n<p>Milena Campos Leite<\/p>\n<p>Rosely Lopes Soares da Rosa Mansilla<\/p>\n<p>Vanesa Sara Neves Correia Lima Ara\u00fajo<\/p>\n<p>Wellinton de S\u00e1 Arruda<\/p>\n<p>&nbsp;<\/p>\n<p>&nbsp;<\/p>\n<p>Em caso de d\u00favidas, entrar em contato com a Secretaria.<\/p>\n<p>Telf.: (67) 3234-6214 ou (67) 3234-6212.<\/p>\n<p>Email:\u00a0<a href=\"mailto:ppge.cpan@ufms.br\">ppge.cpan@ufms.br<\/a><\/p>\n<p>&nbsp;<\/p>\n","protected":false},"excerpt":{"rendered":"<p>Sele\u00e7\u00e3o de Alunos Especiais 2017.2 Lista de candidatos com inscri\u00e7\u00e3o deferida &nbsp; ATEN\u00c7\u00c3O: A DATA DA MATR\u00cdCULA SER\u00c1 S\u00d3 NOS DIA 17 E 18 DE AGOSTO DE 2017, DAS 07H30 \u00c0S 11H E DAS 13H30 \u00c0S 17H. \u00a0 DOCUMENTOS PARA MATR\u00cdCULA: \u2013 Os candidatos que tiveram sua\u00a0 inscri\u00e7\u00e3o deferida\u00a0dever\u00e3o comparecer na secretaria do PPGE (Rua [&hellip;]<\/p>\n","protected":false},"author":11787,"featured_media":2094,"comment_status":"closed","ping_status":"open","sticky":false,"template":"","format":"standard","meta":{"footnotes":""},"categories":[17,1],"tags":[],"coauthors":[],"class_list":["post-2872","post","type-post","status-publish","format-standard","has-post-thumbnail","hentry","category-destaques","category-noticias"],"_links":{"self":[{"href":"https:\/\/ppgecpan.ufms.br\/en\/wp-json\/wp\/v2\/posts\/2872","targetHints":{"allow":["GET"]}}],"collection":[{"href":"https:\/\/ppgecpan.ufms.br\/en\/wp-json\/wp\/v2\/posts"}],"about":[{"href":"https:\/\/ppgecpan.ufms.br\/en\/wp-json\/wp\/v2\/types\/post"}],"author":[{"embeddable":true,"href":"https:\/\/ppgecpan.ufms.br\/en\/wp-json\/wp\/v2\/users\/11787"}],"replies":[{"embeddable":true,"href":"https:\/\/ppgecpan.ufms.br\/en\/wp-json\/wp\/v2\/comments?post=2872"}],"version-history":[{"count":1,"href":"https:\/\/ppgecpan.ufms.br\/en\/wp-json\/wp\/v2\/posts\/2872\/revisions"}],"predecessor-version":[{"id":2873,"href":"https:\/\/ppgecpan.ufms.br\/en\/wp-json\/wp\/v2\/posts\/2872\/revisions\/2873"}],"wp:featuredmedia":[{"embeddable":true,"href":"https:\/\/ppgecpan.ufms.br\/en\/wp-json\/wp\/v2\/media\/2094"}],"wp:attachment":[{"href":"https:\/\/ppgecpan.ufms.br\/en\/wp-json\/wp\/v2\/media?parent=2872"}],"wp:term":[{"taxonomy":"category","embeddable":true,"href":"https:\/\/ppgecpan.ufms.br\/en\/wp-json\/wp\/v2\/categories?post=2872"},{"taxonomy":"post_tag","embeddable":true,"href":"https:\/\/ppgecpan.ufms.br\/en\/wp-json\/wp\/v2\/tags?post=2872"},{"taxonomy":"author","embeddable":true,"href":"https:\/\/ppgecpan.ufms.br\/en\/wp-json\/wp\/v2\/coauthors?post=2872"}],"curies":[{"name":"wp","href":"https:\/\/api.w.org\/{rel}","templated":true}]}}