{"id":2881,"date":"2017-08-22T09:41:49","date_gmt":"2017-08-22T13:41:49","guid":{"rendered":"https:\/\/ppgecpan.ufms.br\/?p=2881"},"modified":"2017-08-22T09:47:13","modified_gmt":"2017-08-22T13:47:13","slug":"terere-pedagogico-e-formacao-de-professores","status":"publish","type":"post","link":"https:\/\/ppgecpan.ufms.br\/en\/terere-pedagogico-e-formacao-de-professores\/","title":{"rendered":"Terer\u00e9 Pedag\u00f3gico e Forma\u00e7\u00e3o de Professores"},"content":{"rendered":"<p>O Projeto de Extens\u00e3o Terer\u00e9 Pedag\u00f3gico, se faz a partir da jun\u00e7\u00e3o de ideias de um grupo de discentes e docentes do Curso de Pedagogia do Campus do Pantanal UFMS, para debater refletir sobre a forma\u00e7\u00e3o inicial e continuada por meio das rodas de conversas sobre assuntos que se fazem presentes durante a forma\u00e7\u00e3o dos estudantes de Pedagogia.<\/p>\n<p>A programa\u00e7\u00e3o se inicia no m\u00eas de agosto de 2017 e ir\u00e1 mensalmente ser ilustrada com tem\u00e1ticas que permitam rodas de conversas entre os interessados pelos assuntos expostos. Na a\u00e7\u00e3o do Terer\u00e9 Pedag\u00f3gico, haver\u00e1 ainda o Evento da Semana Integrada entre Pedagogia e o PPGE\/CPAN (a\u00e7\u00e3o alusiva ao cinquenten\u00e1rio do Curso de Pedagogia e anivers\u00e1rio do PPGE). <strong>Acesse <a href=\"https:\/\/ppgecpan.ufms.br\/files\/2017\/08\/Terer\u00e9-Pedag\u00f3gico.pdf\" target=\"_blank\" rel=\"noopener noreferrer\">aqui<\/a> a programa\u00e7\u00e3o parcial<\/strong>.<\/p>\n","protected":false},"excerpt":{"rendered":"<p>O Projeto de Extens\u00e3o Terer\u00e9 Pedag\u00f3gico, se faz a partir da jun\u00e7\u00e3o de ideias de um grupo de discentes e docentes do Curso de Pedagogia do Campus do Pantanal UFMS, para debater refletir sobre a forma\u00e7\u00e3o inicial e continuada por meio das rodas de conversas sobre assuntos que se fazem presentes durante a forma\u00e7\u00e3o dos [&hellip;]<\/p>\n","protected":false},"author":2660,"featured_media":2886,"comment_status":"closed","ping_status":"open","sticky":false,"template":"","format":"standard","meta":{"footnotes":""},"categories":[17,38,1],"tags":[],"coauthors":[],"class_list":["post-2881","post","type-post","status-publish","format-standard","has-post-thumbnail","hentry","category-destaques","category-eventos-internos","category-noticias"],"_links":{"self":[{"href":"https:\/\/ppgecpan.ufms.br\/en\/wp-json\/wp\/v2\/posts\/2881","targetHints":{"allow":["GET"]}}],"collection":[{"href":"https:\/\/ppgecpan.ufms.br\/en\/wp-json\/wp\/v2\/posts"}],"about":[{"href":"https:\/\/ppgecpan.ufms.br\/en\/wp-json\/wp\/v2\/types\/post"}],"author":[{"embeddable":true,"href":"https:\/\/ppgecpan.ufms.br\/en\/wp-json\/wp\/v2\/users\/2660"}],"replies":[{"embeddable":true,"href":"https:\/\/ppgecpan.ufms.br\/en\/wp-json\/wp\/v2\/comments?post=2881"}],"version-history":[{"count":2,"href":"https:\/\/ppgecpan.ufms.br\/en\/wp-json\/wp\/v2\/posts\/2881\/revisions"}],"predecessor-version":[{"id":2885,"href":"https:\/\/ppgecpan.ufms.br\/en\/wp-json\/wp\/v2\/posts\/2881\/revisions\/2885"}],"wp:featuredmedia":[{"embeddable":true,"href":"https:\/\/ppgecpan.ufms.br\/en\/wp-json\/wp\/v2\/media\/2886"}],"wp:attachment":[{"href":"https:\/\/ppgecpan.ufms.br\/en\/wp-json\/wp\/v2\/media?parent=2881"}],"wp:term":[{"taxonomy":"category","embeddable":true,"href":"https:\/\/ppgecpan.ufms.br\/en\/wp-json\/wp\/v2\/categories?post=2881"},{"taxonomy":"post_tag","embeddable":true,"href":"https:\/\/ppgecpan.ufms.br\/en\/wp-json\/wp\/v2\/tags?post=2881"},{"taxonomy":"author","embeddable":true,"href":"https:\/\/ppgecpan.ufms.br\/en\/wp-json\/wp\/v2\/coauthors?post=2881"}],"curies":[{"name":"wp","href":"https:\/\/api.w.org\/{rel}","templated":true}]}}