{"id":2943,"date":"2017-10-13T18:42:17","date_gmt":"2017-10-13T22:42:17","guid":{"rendered":"https:\/\/ppgecpan.ufms.br\/?p=2943"},"modified":"2017-10-13T19:12:03","modified_gmt":"2017-10-13T23:12:03","slug":"lancamento-deficiencia-mental-e-deficiencia-intelectual-em-debate","status":"publish","type":"post","link":"https:\/\/ppgecpan.ufms.br\/en\/lancamento-deficiencia-mental-e-deficiencia-intelectual-em-debate\/","title":{"rendered":"Lan\u00e7amento &#8211; Defici\u00eancia Mental e Defici\u00eancia Intelectual em Debate"},"content":{"rendered":"<p>Acaba de ser publicado pela Editora Navegando, o livro &#8220;<strong>DEFICI\u00caNCIA MENTAL E DEFICI\u00caNCIA\u00a0INTELECTUAL EM DEBATE<\/strong>&#8221; organizado pelos professores doutores:\u00a0<em><strong>Katia Regina Moreno Caiado\u00a0<\/strong><\/em>(UFSCar),\u00a0<em><strong>Claudio Roberto Baptista<\/strong><\/em>\u00a0(UFRGS) e\u00a0<em><strong>Denise Meyrelles de Jesus<\/strong>\u00a0<\/em>(UFES).<\/p>\n<p>Na produ\u00e7\u00e3o colaboram a professora <strong>M\u00f4nica Kassar<\/strong> (UFMS) e <strong>Camila Leijoto<\/strong> (mestre pelo PPGE\/CPAN) com o trabalho &#8220;REFLEX\u00d5ES ACERCA DO CONCEITO DE DEFICI\u00caNCIA INTELECTUAL\/MENTAL PARA DELINEAMENTO DA POPULA\u00c7\u00c3O ESCOLAR BRASILEIRA PARA REGISTRO NO CENSO ESCOLAR&#8221;.<\/p>\n<p>O livro contempla\u00a0<em>3 eixos tem\u00e1ticos<\/em>:<\/p>\n<p>I &#8211; FUNDAMENTOS TE\u00d3RICOS METODOL\u00d3GICOS.<\/p>\n<p>II &#8211; PR\u00c1TICAS EDUCACIONAIS e<\/p>\n<p>III &#8211; \u00a0POL\u00cdTICAS EDUCACIONAIS.<\/p>\n<p>&nbsp;<\/p>\n<p><em><strong>CONFIRA O LIVRO NO SITE DA EDITORA:\u00a0<\/strong><\/em><\/p>\n<p><a class=\"external-link\" title=\"\" href=\"https:\/\/www.editoranavegando.com\/livro-katia\" target=\"_blank\" rel=\"noopener noreferrer\">https:\/\/www.editoranavegando.com\/livro-katia<\/a><\/p>\n","protected":false},"excerpt":{"rendered":"<p>Acaba de ser publicado pela Editora Navegando, o livro &#8220;DEFICI\u00caNCIA MENTAL E DEFICI\u00caNCIA\u00a0INTELECTUAL EM DEBATE&#8221; organizado pelos professores doutores:\u00a0Katia Regina Moreno Caiado\u00a0(UFSCar),\u00a0Claudio Roberto Baptista\u00a0(UFRGS) e\u00a0Denise Meyrelles de Jesus\u00a0(UFES). Na produ\u00e7\u00e3o colaboram a professora M\u00f4nica Kassar (UFMS) e Camila Leijoto (mestre pelo PPGE\/CPAN) com o trabalho &#8220;REFLEX\u00d5ES ACERCA DO CONCEITO DE DEFICI\u00caNCIA INTELECTUAL\/MENTAL PARA DELINEAMENTO DA [&hellip;]<\/p>\n","protected":false},"author":2660,"featured_media":2944,"comment_status":"closed","ping_status":"open","sticky":false,"template":"","format":"standard","meta":{"footnotes":""},"categories":[17,1],"tags":[],"coauthors":[],"class_list":["post-2943","post","type-post","status-publish","format-standard","has-post-thumbnail","hentry","category-destaques","category-noticias"],"_links":{"self":[{"href":"https:\/\/ppgecpan.ufms.br\/en\/wp-json\/wp\/v2\/posts\/2943","targetHints":{"allow":["GET"]}}],"collection":[{"href":"https:\/\/ppgecpan.ufms.br\/en\/wp-json\/wp\/v2\/posts"}],"about":[{"href":"https:\/\/ppgecpan.ufms.br\/en\/wp-json\/wp\/v2\/types\/post"}],"author":[{"embeddable":true,"href":"https:\/\/ppgecpan.ufms.br\/en\/wp-json\/wp\/v2\/users\/2660"}],"replies":[{"embeddable":true,"href":"https:\/\/ppgecpan.ufms.br\/en\/wp-json\/wp\/v2\/comments?post=2943"}],"version-history":[{"count":7,"href":"https:\/\/ppgecpan.ufms.br\/en\/wp-json\/wp\/v2\/posts\/2943\/revisions"}],"predecessor-version":[{"id":2952,"href":"https:\/\/ppgecpan.ufms.br\/en\/wp-json\/wp\/v2\/posts\/2943\/revisions\/2952"}],"wp:featuredmedia":[{"embeddable":true,"href":"https:\/\/ppgecpan.ufms.br\/en\/wp-json\/wp\/v2\/media\/2944"}],"wp:attachment":[{"href":"https:\/\/ppgecpan.ufms.br\/en\/wp-json\/wp\/v2\/media?parent=2943"}],"wp:term":[{"taxonomy":"category","embeddable":true,"href":"https:\/\/ppgecpan.ufms.br\/en\/wp-json\/wp\/v2\/categories?post=2943"},{"taxonomy":"post_tag","embeddable":true,"href":"https:\/\/ppgecpan.ufms.br\/en\/wp-json\/wp\/v2\/tags?post=2943"},{"taxonomy":"author","embeddable":true,"href":"https:\/\/ppgecpan.ufms.br\/en\/wp-json\/wp\/v2\/coauthors?post=2943"}],"curies":[{"name":"wp","href":"https:\/\/api.w.org\/{rel}","templated":true}]}}