{"id":2959,"date":"2017-10-25T14:32:27","date_gmt":"2017-10-25T18:32:27","guid":{"rendered":"https:\/\/ppgecpan.ufms.br\/?p=2959"},"modified":"2017-10-25T14:38:03","modified_gmt":"2017-10-25T18:38:03","slug":"inscricoes-abertas-para-selecao-de-candidatos-estrangeiros-mestrado-em-educacao-2018","status":"publish","type":"post","link":"https:\/\/ppgecpan.ufms.br\/en\/inscricoes-abertas-para-selecao-de-candidatos-estrangeiros-mestrado-em-educacao-2018\/","title":{"rendered":"Processo Seletivo de candidatos estrangeiros \u2013 Mestrado em Educa\u00e7\u00e3o 2018"},"content":{"rendered":"<p>A Funda\u00e7\u00e3o Universidade Federal de Mato Grosso do Sul &#8211; UFMS, por meio da Coordenadora de curso em exerc\u00edcio, torna p\u00fablico o presente Edital que tem por objeto a abertura de inscri\u00e7\u00f5es para o Processo Seletivo visando<strong> \u00e0 sele\u00e7\u00e3o de candidatos estrangeiros para preenchimento de vagas no Programa de P\u00f3s-Gradua\u00e7\u00e3o em Educa\u00e7\u00e3o<\/strong>, Curso de Mestrado, do Campus do Pantanal, com cinco vagas para o ingresso no <strong>segundo semestre de 2018<\/strong>.<\/p>\n<p>Acesse ao edital, <a href=\"https:\/\/ppgecpan.ufms.br\/files\/2017\/10\/EDITAL-Mestrado-em-Educacao-CPAN-Candidatos-estrangeiros-n-2-de-23-10-2017.-1.pdf\" target=\"_blank\" rel=\"noopener noreferrer\"><strong>AQUI<\/strong><\/a>.<\/p>\n","protected":false},"excerpt":{"rendered":"<p>A Funda\u00e7\u00e3o Universidade Federal de Mato Grosso do Sul &#8211; UFMS, por meio da Coordenadora de curso em exerc\u00edcio, torna p\u00fablico o presente Edital que tem por objeto a abertura de inscri\u00e7\u00f5es para o Processo Seletivo visando \u00e0 sele\u00e7\u00e3o de candidatos estrangeiros para preenchimento de vagas no Programa de P\u00f3s-Gradua\u00e7\u00e3o em Educa\u00e7\u00e3o, Curso de Mestrado, [&hellip;]<\/p>\n","protected":false},"author":11787,"featured_media":1980,"comment_status":"closed","ping_status":"open","sticky":false,"template":"","format":"standard","meta":{"footnotes":""},"categories":[9,1,29],"tags":[],"coauthors":[],"class_list":["post-2959","post","type-post","status-publish","format-standard","has-post-thumbnail","hentry","category-editais","category-noticias","category-novidades"],"_links":{"self":[{"href":"https:\/\/ppgecpan.ufms.br\/en\/wp-json\/wp\/v2\/posts\/2959","targetHints":{"allow":["GET"]}}],"collection":[{"href":"https:\/\/ppgecpan.ufms.br\/en\/wp-json\/wp\/v2\/posts"}],"about":[{"href":"https:\/\/ppgecpan.ufms.br\/en\/wp-json\/wp\/v2\/types\/post"}],"author":[{"embeddable":true,"href":"https:\/\/ppgecpan.ufms.br\/en\/wp-json\/wp\/v2\/users\/11787"}],"replies":[{"embeddable":true,"href":"https:\/\/ppgecpan.ufms.br\/en\/wp-json\/wp\/v2\/comments?post=2959"}],"version-history":[{"count":5,"href":"https:\/\/ppgecpan.ufms.br\/en\/wp-json\/wp\/v2\/posts\/2959\/revisions"}],"predecessor-version":[{"id":2966,"href":"https:\/\/ppgecpan.ufms.br\/en\/wp-json\/wp\/v2\/posts\/2959\/revisions\/2966"}],"wp:featuredmedia":[{"embeddable":true,"href":"https:\/\/ppgecpan.ufms.br\/en\/wp-json\/wp\/v2\/media\/1980"}],"wp:attachment":[{"href":"https:\/\/ppgecpan.ufms.br\/en\/wp-json\/wp\/v2\/media?parent=2959"}],"wp:term":[{"taxonomy":"category","embeddable":true,"href":"https:\/\/ppgecpan.ufms.br\/en\/wp-json\/wp\/v2\/categories?post=2959"},{"taxonomy":"post_tag","embeddable":true,"href":"https:\/\/ppgecpan.ufms.br\/en\/wp-json\/wp\/v2\/tags?post=2959"},{"taxonomy":"author","embeddable":true,"href":"https:\/\/ppgecpan.ufms.br\/en\/wp-json\/wp\/v2\/coauthors?post=2959"}],"curies":[{"name":"wp","href":"https:\/\/api.w.org\/{rel}","templated":true}]}}