{"id":2974,"date":"2017-11-06T10:21:10","date_gmt":"2017-11-06T14:21:10","guid":{"rendered":"https:\/\/ppgecpan.ufms.br\/?p=2974"},"modified":"2017-11-06T10:21:50","modified_gmt":"2017-11-06T14:21:50","slug":"convite-aula-aberta-do-michel-foucault","status":"publish","type":"post","link":"https:\/\/ppgecpan.ufms.br\/en\/convite-aula-aberta-do-michel-foucault\/","title":{"rendered":"Convite: Aula aberta sobre Michel Foucault"},"content":{"rendered":"<p>O Programa de P\u00f3s-Gradua\u00e7\u00e3o em Educa\u00e7\u00e3o\u00a0convida toda a comunidade acad\u00eamica para a\u00a0aula aberta sobre Michel Foucault!<\/p>\n<p>O professor Dr. Marcelo Victor da Rosa estar\u00e1 conosco no dia 13, \u00e0s 19h, ministrando uma aula aberta sobre Foucault.<\/p>\n<p>Maiores informa\u00e7\u00f5es em:<\/p>\n<p>http:\/\/improprias.draconis.ufms.br\/2017\/10\/30\/mestrado-em-educacao-do-campus-pantanal-realizara-aula-aberta-sobre-michel-foucault\/<\/p>\n","protected":false},"excerpt":{"rendered":"<p>O Programa de P\u00f3s-Gradua\u00e7\u00e3o em Educa\u00e7\u00e3o\u00a0convida toda a comunidade acad\u00eamica para a\u00a0aula aberta sobre Michel Foucault! O professor Dr. Marcelo Victor da Rosa estar\u00e1 conosco no dia 13, \u00e0s 19h, ministrando uma aula aberta sobre Foucault. Maiores informa\u00e7\u00f5es em: http:\/\/improprias.draconis.ufms.br\/2017\/10\/30\/mestrado-em-educacao-do-campus-pantanal-realizara-aula-aberta-sobre-michel-foucault\/<\/p>\n","protected":false},"author":11787,"featured_media":2975,"comment_status":"closed","ping_status":"open","sticky":false,"template":"","format":"standard","meta":{"footnotes":""},"categories":[17,38,1],"tags":[],"coauthors":[],"class_list":["post-2974","post","type-post","status-publish","format-standard","has-post-thumbnail","hentry","category-destaques","category-eventos-internos","category-noticias"],"_links":{"self":[{"href":"https:\/\/ppgecpan.ufms.br\/en\/wp-json\/wp\/v2\/posts\/2974","targetHints":{"allow":["GET"]}}],"collection":[{"href":"https:\/\/ppgecpan.ufms.br\/en\/wp-json\/wp\/v2\/posts"}],"about":[{"href":"https:\/\/ppgecpan.ufms.br\/en\/wp-json\/wp\/v2\/types\/post"}],"author":[{"embeddable":true,"href":"https:\/\/ppgecpan.ufms.br\/en\/wp-json\/wp\/v2\/users\/11787"}],"replies":[{"embeddable":true,"href":"https:\/\/ppgecpan.ufms.br\/en\/wp-json\/wp\/v2\/comments?post=2974"}],"version-history":[{"count":2,"href":"https:\/\/ppgecpan.ufms.br\/en\/wp-json\/wp\/v2\/posts\/2974\/revisions"}],"predecessor-version":[{"id":2977,"href":"https:\/\/ppgecpan.ufms.br\/en\/wp-json\/wp\/v2\/posts\/2974\/revisions\/2977"}],"wp:featuredmedia":[{"embeddable":true,"href":"https:\/\/ppgecpan.ufms.br\/en\/wp-json\/wp\/v2\/media\/2975"}],"wp:attachment":[{"href":"https:\/\/ppgecpan.ufms.br\/en\/wp-json\/wp\/v2\/media?parent=2974"}],"wp:term":[{"taxonomy":"category","embeddable":true,"href":"https:\/\/ppgecpan.ufms.br\/en\/wp-json\/wp\/v2\/categories?post=2974"},{"taxonomy":"post_tag","embeddable":true,"href":"https:\/\/ppgecpan.ufms.br\/en\/wp-json\/wp\/v2\/tags?post=2974"},{"taxonomy":"author","embeddable":true,"href":"https:\/\/ppgecpan.ufms.br\/en\/wp-json\/wp\/v2\/coauthors?post=2974"}],"curies":[{"name":"wp","href":"https:\/\/api.w.org\/{rel}","templated":true}]}}