{"id":3050,"date":"2018-01-11T07:13:50","date_gmt":"2018-01-11T11:13:50","guid":{"rendered":"https:\/\/ppgecpan.ufms.br\/?p=3050"},"modified":"2018-01-11T07:19:03","modified_gmt":"2018-01-11T11:19:03","slug":"chamadas-2018","status":"publish","type":"post","link":"https:\/\/ppgecpan.ufms.br\/en\/chamadas-2018\/","title":{"rendered":"Chamadas 2018"},"content":{"rendered":"<div dir=\"ltr\">\n<div><\/div>\n<p>&nbsp;<\/p>\n<p>________________________________________________________________________<\/p>\n<p>Aten\u00e7\u00e3o\/Attention: Novo prazo para submiss\u00e3o de artigos no dossi\u00ea\/New submission date for special issue articles<\/p>\n<p style=\"font-weight: 400\">Novo prazo para submiss\u00e3o de artigos no Dossi\u00ea: Pol\u00edticas de Administra\u00e7\u00e3o e gest\u00e3o em pa\u00edses da Lusofonia:<\/p>\n<p style=\"font-weight: 400\"><strong>10\/02\/2018.<\/strong><\/p>\n<p>________________________________________________________________________<\/p>\n<p>&nbsp;<\/p>\n<p>Est\u00e3o abertas as submiss\u00f5es de artigos para compor o V. 19, N. 53. (2018)<br \/>\n&#8211; IMAGENS E SONS PARA AL\u00c9M DAS ESCOLAS (Prazo para submiss\u00f5es at\u00e9 30 de\u00a0maio de 2018)<\/p>\n<p>Organizadoras: Profa. Dra. Nilda Alves e Profa. Dra. Mailsa Santos<\/p>\n<p>Nosso objetivo com este dossi\u00ea \u00e9 trazer para a discuss\u00e3o outros<br \/>\n\u2018espa\u00e7ostempos\u2019 educativos que v\u00eam sendo incorporados, ainda<br \/>\nlentamente, aos estudos em Educa\u00e7\u00e3o: repert\u00f3rios culturais das<br \/>\npopula\u00e7\u00f5es afroamer\u00edndias, tais como terreiros e outros<br \/>\n\u2018espa\u00e7ostempos\u2019 religiosos; \u00a0movimentos sociais que tem como projeto a\u00a0emancipa\u00e7\u00e3o de popula\u00e7\u00f5es historicamente subalternizadas; cria\u00e7\u00f5es\u00a0art\u00edsticas que dialogam, produzindo \u2018conhecimentossignifica\u00e7\u00f5es\u2019 nos\u00a0m\u00faltiplos \u2018espa\u00e7ostempos\u2019 educativos.<\/p>\n<p>Nessas redes educativas que formamos em nossos tantos cotidianos, as\u00a0rela\u00e7\u00f5es que experimentamos nelas, com tantos seres humanos semelhantes \u00a0e\u00a0diferentes de n\u00f3s, nos levam a criar m\u00faltiplas imagens e sons que permitem\u00a0recri\u00e1-las em suas dimens\u00f5es \u00e9ticas e est\u00e9ticas permanentemente. Tanto<br \/>\nno que se refere \u00e0s imagens \u2013 fixas e em movimento &#8211; quanto ao que se\u00a0refere aos sons \u2013 da natureza e compostos com instrumentos por criadores\u00a0que \u2018usamos\u2019 (Certeau) \u2013 vamos, nas pesquisas da Educa\u00e7\u00e3o,\u00a0organizando-as e produzindo-as, conseguindo compreender as tantas\u00a0realiza\u00e7\u00f5es humanas com estes artefatos.<\/p>\n<p>Prof. Rafael Marques Gon\u00e7alves<br \/>\nUniversidade Federal do Acre<br \/>\n<a href=\"mailto:rafamg02@gmail.com\">rafamg02@gmail.com<\/a><br \/>\nRevista Teias<br \/>\n<a href=\"http:\/\/www.e-publicacoes.uerj.br\/index.php\/revistateias\">http:\/\/www.e-publicacoes.uerj.br\/index.php\/revistateias<\/a><\/p>\n<p>&nbsp;<\/p>\n<p>________________________________________________________________________<\/p>\n<div class=\"m_-3062753846848576578m_-7914213462828510288m_5998751727506392707gmail_signature\">\n<div dir=\"ltr\">\n<div>\n<div dir=\"ltr\">\n<div>\n<div dir=\"ltr\">\n<p>Refor\u00e7amos que a chamada p\u00fablica para apresenta\u00e7\u00e3o de trabalhos acad\u00eamicos na CONAPE j\u00e1 foi publicada:\u00a0<a href=\"http:\/\/fnpe.com.br\/comissao-executiva-divulga-chamada-publica-para-apresentacao-de-trabalhos-academicos-na-conape\/\" target=\"_blank\" rel=\"noopener noreferrer\">http:\/\/fnpe.com.br\/comissao-executiva-divulga-chamada-publica-para-apresentacao-de-trabalhos-academicos-na-conape\/<\/a><\/p>\n<div>A inscri\u00e7\u00e3o ser\u00e1 feita por formul\u00e1rio pr\u00f3prio que deve ser enviado para\u00a0<a href=\"mailto:conape2018@gmail.com\" target=\"_blank\" rel=\"noopener noreferrer\">conape2018@gmail.com<\/a>, com o assunto \u201cTrabalho Acad\u00eamico CONAPE\u201d at\u00e9 o dia 25 de fevereiro de 2018.<\/div>\n<div>Por oportuno, solicitamos que disponibilizem a chamada em seus s\u00edtios eletr\u00f4nicos, bem como reforcem a divulga\u00e7\u00e3o em suas redes acad\u00eamicas.<\/div>\n<div>Atenciosamente,<\/div>\n<div><\/div>\n<p><b><a href=\"http:\/\/fnpe.com.br\/comissao-executiva-divulga-chamada-publica-para-apresentacao-de-trabalhos-academicos-na-conape\/\" target=\"_blank\" rel=\"noopener noreferrer\">http:\/\/fnpe.com.br\/comissao-executiva-divulga-chamada-publica-para-apresentacao-de-trabalhos-academicos-na-conape\/<\/a><br \/>\n<\/b><\/p>\n<p><b><\/b><b>Secretaria Executiva do FNPE<\/b><\/p>\n<p>SCS Quadra 01 Bloco I &#8211; Sala 801- Edif\u00edcio Central<\/p>\n<p>CEP: 70301-000 &#8211; Bras\u00edlia\/DF<\/p>\n<p><span style=\"color: #0000ff\"><u><a href=\"http:\/\/www.fnpe.com.br\/\" target=\"_blank\" rel=\"noopener noreferrer\">www.fnpe.com.br<\/a><\/u><\/span>\u00a0\/\u00a0<span style=\"color: #0000ff\"><u><a href=\"mailto:conape2018@gmail.com\" target=\"_blank\" rel=\"noopener noreferrer\">conape2018@gmail.com<\/a><\/u><\/span><\/p>\n<p>Telefone: (61) 3223-0763<\/p>\n<p>Equipe operativa: Josusmar e Glorineide Sousa<\/p>\n<p><a href=\"https:\/\/www.facebook.com\/ConferenciaNacionalPopular\/\" target=\"_blank\" rel=\"noopener noreferrer\">https:\/\/www.facebook.com\/ConferenciaNacionalPopular\/<\/a><\/p>\n<\/div>\n<\/div>\n<\/div>\n<\/div>\n<\/div>\n<\/div>\n<\/div>\n","protected":false},"excerpt":{"rendered":"<p>&nbsp; ________________________________________________________________________ Aten\u00e7\u00e3o\/Attention: Novo prazo para submiss\u00e3o de artigos no dossi\u00ea\/New submission date for special issue articles Novo prazo para submiss\u00e3o de artigos no Dossi\u00ea: Pol\u00edticas de Administra\u00e7\u00e3o e gest\u00e3o em pa\u00edses da Lusofonia: 10\/02\/2018. ________________________________________________________________________ &nbsp; Est\u00e3o abertas as submiss\u00f5es de artigos para compor o V. 19, N. 53. (2018) &#8211; IMAGENS E SONS [&hellip;]<\/p>\n","protected":false},"author":2660,"featured_media":1866,"comment_status":"closed","ping_status":"open","sticky":false,"template":"","format":"standard","meta":{"footnotes":""},"categories":[37,17],"tags":[],"coauthors":[],"class_list":["post-3050","post","type-post","status-publish","format-standard","has-post-thumbnail","hentry","category-calls-for-publication","category-destaques"],"_links":{"self":[{"href":"https:\/\/ppgecpan.ufms.br\/en\/wp-json\/wp\/v2\/posts\/3050","targetHints":{"allow":["GET"]}}],"collection":[{"href":"https:\/\/ppgecpan.ufms.br\/en\/wp-json\/wp\/v2\/posts"}],"about":[{"href":"https:\/\/ppgecpan.ufms.br\/en\/wp-json\/wp\/v2\/types\/post"}],"author":[{"embeddable":true,"href":"https:\/\/ppgecpan.ufms.br\/en\/wp-json\/wp\/v2\/users\/2660"}],"replies":[{"embeddable":true,"href":"https:\/\/ppgecpan.ufms.br\/en\/wp-json\/wp\/v2\/comments?post=3050"}],"version-history":[{"count":6,"href":"https:\/\/ppgecpan.ufms.br\/en\/wp-json\/wp\/v2\/posts\/3050\/revisions"}],"predecessor-version":[{"id":3056,"href":"https:\/\/ppgecpan.ufms.br\/en\/wp-json\/wp\/v2\/posts\/3050\/revisions\/3056"}],"wp:featuredmedia":[{"embeddable":true,"href":"https:\/\/ppgecpan.ufms.br\/en\/wp-json\/wp\/v2\/media\/1866"}],"wp:attachment":[{"href":"https:\/\/ppgecpan.ufms.br\/en\/wp-json\/wp\/v2\/media?parent=3050"}],"wp:term":[{"taxonomy":"category","embeddable":true,"href":"https:\/\/ppgecpan.ufms.br\/en\/wp-json\/wp\/v2\/categories?post=3050"},{"taxonomy":"post_tag","embeddable":true,"href":"https:\/\/ppgecpan.ufms.br\/en\/wp-json\/wp\/v2\/tags?post=3050"},{"taxonomy":"author","embeddable":true,"href":"https:\/\/ppgecpan.ufms.br\/en\/wp-json\/wp\/v2\/coauthors?post=3050"}],"curies":[{"name":"wp","href":"https:\/\/api.w.org\/{rel}","templated":true}]}}