{"id":3057,"date":"2018-01-11T07:23:45","date_gmt":"2018-01-11T11:23:45","guid":{"rendered":"https:\/\/ppgecpan.ufms.br\/?p=3057"},"modified":"2018-01-11T07:23:45","modified_gmt":"2018-01-11T11:23:45","slug":"inscricoes-abertas-vi-seminario-internacional-producao-do-conhecimento-no-campo-da-educacao-especial","status":"publish","type":"post","link":"https:\/\/ppgecpan.ufms.br\/en\/inscricoes-abertas-vi-seminario-internacional-producao-do-conhecimento-no-campo-da-educacao-especial\/","title":{"rendered":"Inscri\u00e7\u00f5es Abertas &#8211; VI Semin\u00e1rio Internacional &#8220;A produ\u00e7\u00e3o do conhecimento no campo da Educa\u00e7\u00e3o Especial&#8221;"},"content":{"rendered":"<div>O\u00a0<strong>VI SEMIN\u00c1RIO INTERNACIONAL: A PRODU\u00c7\u00c3O DO CONHECIMENTO NO CAMPO DA EDUCA\u00c7\u00c3O ESPECIAL<\/strong>, evento trienal promovido pelo\u00a0Programa de Estudos P\u00f3s-Graduados em Educa\u00e7\u00e3o: Hist\u00f3ria, Pol\u00edtica, Sociedade da PUC-SP, tem, em sua sexta edi\u00e7\u00e3o, o objetivo de disseminar a produ\u00e7\u00e3o de conhecimento acumulado sob distintas perspectivas que envolvem a pesquisa em Educa\u00e7\u00e3o Especial; procura expressar a trajet\u00f3ria de investiga\u00e7\u00f5es nesse campo, bem como dos interc\u00e2mbios nacionais e internacionais.<\/p>\n<p>O evento ocorrer\u00e1 nos dias\u00a019, 20 e 21 de fevereiro de 2018,\u00a0sendo\u00a0direcionado a pesquisadores, docentes, discentes (graduandos, p\u00f3s-graduandos e alunos de ensino b\u00e1sico) e interessados em geral.<\/p><\/div>\n<p><strong>Para fazer sua inscri\u00e7\u00e3o, clique aqui:\u00a0<a href=\"https:\/\/doity.com.br\/vi-seminario-internacional\" target=\"_blank\" rel=\"noopener noreferrer\">https:\/\/doity.com.br\/vi-seminario-internacional<\/a>\u00a0<\/strong><\/p>\n<div><strong>PROGRAMA\u00c7\u00c3O \u2013 19\/02\/2018<\/strong>\n<\/div>\n<p><strong>09:00\/09:30 \u2013 CERIM\u00d4NIA DE ABERTURA<\/strong><\/p>\n<p><strong>Prof. Dr. Carlos Antonio Giovinazzo J\u00fanior<\/strong>\u00a0\u2013 Coordenador do Programa de Estudos P\u00f3s-Graduados em Educa\u00e7\u00e3o: Hist\u00f3ria, Pol\u00edtica, Sociedade (PUC-SP)<\/p>\n<p><strong>10:00\/12:00 \u2013 CONFER\u00caNCIA DE ABERTURA<\/strong><\/p>\n<p>COORDENA\u00c7\u00c3O: Prof. Dr. Kazumi Munakata (PUC-SP)<\/p>\n<p><em>Os cegos &#8220;esses infelizes&#8221;: sujeitos, institui\u00e7\u00f5es e circula\u00e7\u00e3o de conhecimentos pedag\u00f3gicos (s\u00e9cs. XIX e XX)<\/em><br \/>\n<strong>Prof. Dr. Helder Manuel Guerra Henriques<\/strong>\u00a0\u2013 Universidade de Coimbra e Instituto Polit\u00e9cnico de Portalegre<\/p>\n<p><strong>14:00\/17:00 \u2013 MESA-REDONDA: Pesquisas sobre o campo pedag\u00f3gico<\/strong><\/p>\n<p>COORDENA\u00c7\u00c3O: Profa. Ms. Aline Martins de Almeida (PUC-SP)<\/p>\n<p><em>Inclus\u00e3o escolar de alunos com defici\u00eancia intelectual e expectativas de aprendizagem: an\u00e1lise do documento oficial da Secretaria Municipal de Educa\u00e7\u00e3o de S\u00e3o Paulo<\/em><br \/>\n<strong>Profa. Dra. Patr\u00edcia Tanganelli Lara<\/strong>\u00a0\u2013 Prefeitura Municipal de S\u00e3o Paulo \/ Secretaria Municipal de Educa\u00e7\u00e3o<\/p>\n<p><em>Alfabetiza\u00e7\u00e3o de alunos com defici\u00eancia intelectual: um estudo sobre estrat\u00e9gias de ensino utilizadas no ensino regular<\/em><br \/>\n<strong>Profa. Dra. Mirian C\u00e9lia Castellain Guebert\u00a0<\/strong>\u2013 Programa de P\u00f3s-Gradua\u00e7\u00e3o em Direitos Humanos e Pol\u00edticas P\u00fablicas (PUC-PR)<\/p>\n<p><em>O processo de caracteriza\u00e7\u00e3o de alunos com defici\u00eancia intelectual: an\u00e1lise de a\u00e7\u00f5es integradas da Educa\u00e7\u00e3o e da Sa\u00fade<\/em><br \/>\n<strong>Profa. Ms. Viviane Ferrareto da Silva Pires<\/strong>\u00a0\u2013 Doutoranda (PUC-SP) \u2013 PM Santo Andr\u00e9 (SP).<\/p>\n<div><strong>PROGRAMA\u00c7\u00c3O \u2013 20\/02\/2018<\/strong>\n<\/div>\n<p><strong>09:00\/12:00 \u2013 MESA-REDONDA: Defici\u00eancia, pol\u00edticas e meio social<\/strong><\/p>\n<p>COORDENA\u00c7\u00c3O: Profa. Ms. Sirleine Brand\u00e3o de Souza (PUC-SP)<\/p>\n<p><em>Educa\u00e7\u00e3o de adultos com defici\u00eancia intelectual grave: entre a exclus\u00e3o social e o acesso aos direitos de cidadania<\/em><br \/>\n<strong>Profa. Dra. Luc\u00e9lia Fagundes Fernandes Noronha<\/strong>\u00a0\u2013 AMAE e FIT \/UNIESP<\/p>\n<p><em>Surdez, trajet\u00f3rias sociais e a constru\u00e7\u00e3o das identidades<\/em><br \/>\n<strong>Profa. Dra. Carla Cazelato Ferrari<\/strong>\u00a0\u2013 Universidade Mackenzie<\/p>\n<p><em>O livro acess\u00edvel a cegos e surdos: as pol\u00edticas p\u00fablicas e o mercado editorial<\/em><br \/>\n<strong>Profa. Ms. Tatiana de Andrade Fulas<\/strong>\u00a0\u2013 Doutoranda (PUC-SP)<\/p>\n<p><em>Trajet\u00f3ria escolar de alunos com defici\u00eancia intelectual na rede municipal de ensino de Londrina-PR<\/em><br \/>\n<strong>Profa. J\u00e9ssica Germano<\/strong>\u00a0\u2013 Mestranda (UEL)<\/p>\n<p><strong>14:00\/15:00 \u2013 PALESTRA: Indicadores sociais e educa\u00e7\u00e3o especial<\/strong><\/p>\n<p>COORDENA\u00c7\u00c3O: Profa. Ms. Andrezza Cameski (PUC-SP)<\/p>\n<p><em>Indicadores sociais, escolariza\u00e7\u00e3o de alunos com defici\u00eancia e a pesquisa educacional<\/em><br \/>\n<strong>Profa. Dra. Silvia Marcia Ferreira Meletti\u00a0<\/strong>\u2013\u00a0 UEL<\/p>\n<p><strong>15:30\/17:30 \u2013 MESA-REDONDA: As pesquisas com base em dados estat\u00edsticos oficiais<\/strong><\/p>\n<p>COORDENA\u00c7\u00c3O: Profa. Dra. Helenice Ciampi (PUC-SP)<\/p>\n<p><em>Escolariza\u00e7\u00e3o de alunos com defici\u00eancia intelectual: as estat\u00edsticas educacionais como express\u00e3o das pol\u00edticas de educa\u00e7\u00e3o especial no Brasil<\/em><br \/>\n<strong>Prof. Dr. Ricardo Schers de G\u00f3es<\/strong>\u00a0\u2013 Universidade Regional de Blumenau (FURB)<\/p>\n<p><em>Defici\u00eancia, ra\u00e7a e g\u00eanero: uma an\u00e1lise de indicadores educacionais brasileiros<\/em><br \/>\n<strong>Profa. Dra. Michelle Melina Gleica Del Pino Nicolau Pereira\u00a0<\/strong>\u2013 UNICSUL<\/p>\n<p><em>A filantropia e a segrega\u00e7\u00e3o na educa\u00e7\u00e3o especial: Um olhar a partir dos indicadores educacionais brasileiros<\/em><br \/>\n<strong>Profa. Ms. Nat\u00e1lia Gomes dos Santos<\/strong>\u00a0\u2013 Doutoranda (UEL) \u2013 UNOPAR<\/p>\n<div><strong>PROGRAMA\u00c7\u00c3O\u00a0\u2013 21\/02\/2018<\/strong><\/div>\n<p><strong>09:00\/10:00 \u2013 PALESTRA: A produ\u00e7\u00e3o cient\u00edfica da educa\u00e7\u00e3o especial<\/strong><\/p>\n<p>COORDENA\u00c7\u00c3O: Profa. Dra. Roseli Regis dos Reis (PUC-SP)<\/p>\n<p><em>O Reposit\u00f3rio de Livros de Educa\u00e7\u00e3o Especial das Bibliotecas Universit\u00e1rias (LIEEB)<\/em><br \/>\n<strong>Prof. Dr. Jos\u00e9 Geraldo Silveira Bueno<\/strong>\u00a0\u2013 PUC-SP e\u00a0<strong>Profa. Dra. Carla Cazelato Ferrari\u00a0<\/strong>\u2013 Universidade Mackenzie<\/p>\n<p><strong>\u00a0<\/strong><br \/>\n<strong>10:30\/12:30 \u2013 MESA-REDONDA: A pesquisa bibliogr\u00e1fica em educa\u00e7\u00e3o especial<\/strong><\/p>\n<p>COORDENA\u00c7\u00c3O: Profa. Dra. Leda Maria de Oliveira Rodrigues (PUC-SP)<\/p>\n<p><em>O ensino-aprendizagem do portugu\u00eas escrito para surdos em pesquisas: an\u00e1lise de resumos acad\u00eamicos (1987-2010)<\/em><br \/>\n<strong>Profa. Ms. Geane Izabel Bento Botarelli<\/strong>\u00a0\u2013 SENAI<\/p>\n<p><em>A produ\u00e7\u00e3o acad\u00eamica sobre defici\u00eancia intelectual: um balan\u00e7o das teses defendidas entre 1993 e 2015<\/em><br \/>\n<strong>Profa. Dra. P\u00e2mela Carolina Martins Tezzele<\/strong>\u00a0\u2013 PUC-SP<\/p>\n<p><em>A veicula\u00e7\u00e3o da produ\u00e7\u00e3o cient\u00edfica sobre o autismo no Brasil:\u00a0embates e tens\u00f5es<\/em><br \/>\n<strong>Profa. Ms. Katia Cristina Luz\u00a0<\/strong>\u2013 PM S\u00e3o Bernardo do Campo (SP)<\/p>\n<p><em>An\u00e1lise da produ\u00e7\u00e3o intelectual em Educa\u00e7\u00e3o e Letras\/Linguistica: um balan\u00e7o de teses e disserta\u00e7\u00f5es sobre o ensino-aprendizagem de ingl\u00eas para alunos com defici\u00eancia<\/em><br \/>\n<strong>Prof. Ms. Vinicius Neves de Cabral<\/strong>\u00a0\u2013 Doutorando (UEL)<\/p>\n<p><strong>14:00\/16:30 \u2013 CONFER\u00caNCIA DE ENCERRAMENTO<\/strong><\/p>\n<p>COORDENA\u00c7\u00c3O: Prof. Dr. Jos\u00e9 Geraldo Silveira Bueno (PUC-SP)<\/p>\n<p><em>Institui\u00e7\u00e3o e educa\u00e7\u00e3o especial: perspectiva hist\u00f3rico-pedag\u00f3gica<\/em><br \/>\n<strong>Prof. Dr. Justino Pereira de Magalh\u00e3es<\/strong>\u00a0\u2013 Universidade de Lisboa<\/p>\n<p><strong>16:30\/17:00 \u2013 CERIM\u00d4NIA DE ENCERRAMENTO<\/strong><\/p>\n<p>Prof. Dr. Carlos Antonio Giovinazzo J\u00fanior \u2013 Coordenador do Programa de Estudos P\u00f3s-Graduados em Educa\u00e7\u00e3o: Hist\u00f3ria, Pol\u00edtica, Sociedade (PUC-SP)<\/p>\n<p><strong>LOCAL\u00a0<\/strong><br \/>\n<strong>Tucarena\u00a0\u2013\u00a0Teatro da PUC-SP<\/strong>\u00a0(300 lugares)<br \/>\n<a href=\"https:\/\/maps.google.com\/?q=Rua+Monte+Alegre,1024&amp;entry=gmail&amp;source=g\">Rua Monte Alegre,1024<\/a>\u00a0\u2013 Perdizes<br \/>\nEntrada pela Rua Bartira<\/p>\n<p><em>Comiss\u00e3o Organizadora<\/em><br \/>\nPEPG Educa\u00e7\u00e3o: Hist\u00f3ria, Pol\u00edtica, Sociedade (PUC-SP)<br \/>\n<a href=\"mailto:divulga.ehps@gmail.com\" target=\"_blank\" rel=\"noopener noreferrer\">divulga.ehps@gmail.com<\/a><\/p>\n","protected":false},"excerpt":{"rendered":"<p>O\u00a0VI SEMIN\u00c1RIO INTERNACIONAL: A PRODU\u00c7\u00c3O DO CONHECIMENTO NO CAMPO DA EDUCA\u00c7\u00c3O ESPECIAL, evento trienal promovido pelo\u00a0Programa de Estudos P\u00f3s-Graduados em Educa\u00e7\u00e3o: Hist\u00f3ria, Pol\u00edtica, Sociedade da PUC-SP, tem, em sua sexta edi\u00e7\u00e3o, o objetivo de disseminar a produ\u00e7\u00e3o de conhecimento acumulado sob distintas perspectivas que envolvem a pesquisa em Educa\u00e7\u00e3o Especial; procura expressar a trajet\u00f3ria de [&hellip;]<\/p>\n","protected":false},"author":2660,"featured_media":3058,"comment_status":"closed","ping_status":"open","sticky":false,"template":"","format":"standard","meta":{"footnotes":""},"categories":[17],"tags":[],"coauthors":[],"class_list":["post-3057","post","type-post","status-publish","format-standard","has-post-thumbnail","hentry","category-destaques"],"_links":{"self":[{"href":"https:\/\/ppgecpan.ufms.br\/en\/wp-json\/wp\/v2\/posts\/3057","targetHints":{"allow":["GET"]}}],"collection":[{"href":"https:\/\/ppgecpan.ufms.br\/en\/wp-json\/wp\/v2\/posts"}],"about":[{"href":"https:\/\/ppgecpan.ufms.br\/en\/wp-json\/wp\/v2\/types\/post"}],"author":[{"embeddable":true,"href":"https:\/\/ppgecpan.ufms.br\/en\/wp-json\/wp\/v2\/users\/2660"}],"replies":[{"embeddable":true,"href":"https:\/\/ppgecpan.ufms.br\/en\/wp-json\/wp\/v2\/comments?post=3057"}],"version-history":[{"count":1,"href":"https:\/\/ppgecpan.ufms.br\/en\/wp-json\/wp\/v2\/posts\/3057\/revisions"}],"predecessor-version":[{"id":3059,"href":"https:\/\/ppgecpan.ufms.br\/en\/wp-json\/wp\/v2\/posts\/3057\/revisions\/3059"}],"wp:featuredmedia":[{"embeddable":true,"href":"https:\/\/ppgecpan.ufms.br\/en\/wp-json\/wp\/v2\/media\/3058"}],"wp:attachment":[{"href":"https:\/\/ppgecpan.ufms.br\/en\/wp-json\/wp\/v2\/media?parent=3057"}],"wp:term":[{"taxonomy":"category","embeddable":true,"href":"https:\/\/ppgecpan.ufms.br\/en\/wp-json\/wp\/v2\/categories?post=3057"},{"taxonomy":"post_tag","embeddable":true,"href":"https:\/\/ppgecpan.ufms.br\/en\/wp-json\/wp\/v2\/tags?post=3057"},{"taxonomy":"author","embeddable":true,"href":"https:\/\/ppgecpan.ufms.br\/en\/wp-json\/wp\/v2\/coauthors?post=3057"}],"curies":[{"name":"wp","href":"https:\/\/api.w.org\/{rel}","templated":true}]}}