{"id":309,"date":"2012-06-28T18:03:14","date_gmt":"2012-06-28T22:03:14","guid":{"rendered":"http:\/\/ppgecpan.draconis.ufms.br\/?p=309"},"modified":"2020-07-06T10:18:39","modified_gmt":"2020-07-06T14:18:39","slug":"selecao-2013-relacao-de-candidatos-aprovados-por-analise-de-projetos","status":"publish","type":"post","link":"https:\/\/ppgecpan.ufms.br\/en\/selecao-2013-relacao-de-candidatos-aprovados-por-analise-de-projetos\/","title":{"rendered":"Sele\u00e7\u00e3o 2013 &#8211; Rela\u00e7\u00e3o de candidatos aprovados por an\u00e1lise de projetos"},"content":{"rendered":"<div>Andreza Seixas<\/div>\n<div>\n<p>Bruno Marini Bruneri<\/p>\n<p>Camila Pereira Leijoto<\/p>\n<p>Cristiane N. B. da Rocha<\/p>\n<p>D\u00e9bora Rog\u00e9ria N. S. Garcia<\/p>\n<p>Edith F. Jobbins<\/p>\n<p>Elzanir Leandro<\/p>\n<p>Francisca A. da Silva<\/p>\n<p>Jeane Cristina da Silva Oliveira de Souza<\/p>\n<p>Jeane dos Santos S. Viana<\/p>\n<p>Layze A. Herrera Cassanha<\/p>\n<p>Luciana Maria Espin\u00f3za<\/p>\n<p>Paulo Batista da Silva<\/p>\n<p>Silvana Alexandra Coutinho<\/p>\n<p>Simone Y. B. da Silva<\/p>\n<p>Soara G. Virg\u00edneo Barbosa<\/p>\n<p>Tammi Flvavie<\/p>\n<p>Telma Iara Bacarin<\/p>\n<p>Val\u00e9ria A. Benites Oliveira<\/p>\n<p>Vanessa S. dos Santos<\/p>\n<p><strong>\u00a0ATEN\u00c7\u00c3O:<\/strong> At\u00e9 amanh\u00e3 ser\u00e3o publicados os hor\u00e1rios das entrevistas.<\/p>\n<\/div>\n","protected":false},"excerpt":{"rendered":"<p>Andreza Seixas Bruno Marini Bruneri Camila Pereira Leijoto Cristiane N. B. da Rocha D\u00e9bora Rog\u00e9ria N. S. Garcia Edith F. Jobbins Elzanir Leandro Francisca A. da Silva Jeane Cristina da Silva Oliveira de Souza Jeane dos Santos S. Viana Layze A. Herrera Cassanha Luciana Maria Espin\u00f3za Paulo Batista da Silva Silvana Alexandra Coutinho Simone Y. [&hellip;]<\/p>\n","protected":false},"author":7,"featured_media":0,"comment_status":"closed","ping_status":"open","sticky":false,"template":"","format":"standard","meta":{"footnotes":""},"categories":[9,1],"tags":[],"coauthors":[],"class_list":["post-309","post","type-post","status-publish","format-standard","hentry","category-editais","category-noticias"],"_links":{"self":[{"href":"https:\/\/ppgecpan.ufms.br\/en\/wp-json\/wp\/v2\/posts\/309","targetHints":{"allow":["GET"]}}],"collection":[{"href":"https:\/\/ppgecpan.ufms.br\/en\/wp-json\/wp\/v2\/posts"}],"about":[{"href":"https:\/\/ppgecpan.ufms.br\/en\/wp-json\/wp\/v2\/types\/post"}],"author":[{"embeddable":true,"href":"https:\/\/ppgecpan.ufms.br\/en\/wp-json\/wp\/v2\/users\/7"}],"replies":[{"embeddable":true,"href":"https:\/\/ppgecpan.ufms.br\/en\/wp-json\/wp\/v2\/comments?post=309"}],"version-history":[{"count":5,"href":"https:\/\/ppgecpan.ufms.br\/en\/wp-json\/wp\/v2\/posts\/309\/revisions"}],"predecessor-version":[{"id":1473,"href":"https:\/\/ppgecpan.ufms.br\/en\/wp-json\/wp\/v2\/posts\/309\/revisions\/1473"}],"wp:attachment":[{"href":"https:\/\/ppgecpan.ufms.br\/en\/wp-json\/wp\/v2\/media?parent=309"}],"wp:term":[{"taxonomy":"category","embeddable":true,"href":"https:\/\/ppgecpan.ufms.br\/en\/wp-json\/wp\/v2\/categories?post=309"},{"taxonomy":"post_tag","embeddable":true,"href":"https:\/\/ppgecpan.ufms.br\/en\/wp-json\/wp\/v2\/tags?post=309"},{"taxonomy":"author","embeddable":true,"href":"https:\/\/ppgecpan.ufms.br\/en\/wp-json\/wp\/v2\/coauthors?post=309"}],"curies":[{"name":"wp","href":"https:\/\/api.w.org\/{rel}","templated":true}]}}