{"id":3132,"date":"2018-03-27T09:07:59","date_gmt":"2018-03-27T13:07:59","guid":{"rendered":"https:\/\/ppgecpan.ufms.br\/?p=3132"},"modified":"2018-03-27T09:10:09","modified_gmt":"2018-03-27T13:10:09","slug":"swara-germiniana-virginio-barbosa-trajetoria-escolar-de-criancas-e-adolescentes-em-situacao-de-rua","status":"publish","type":"post","link":"https:\/\/ppgecpan.ufms.br\/en\/swara-germiniana-virginio-barbosa-trajetoria-escolar-de-criancas-e-adolescentes-em-situacao-de-rua\/","title":{"rendered":"SWARA GERMINIANA VIRGINIO BARBOSA &#8211; A trajet\u00f3ria escolar de crian\u00e7as e adolescentes em situa\u00e7\u00e3o de rua"},"content":{"rendered":"<p><strong>RESUMO <\/strong><\/p>\n<p>O perfil das crian\u00e7as e dos adolescentes em situa\u00e7\u00e3o de rua continua sendo uma grande preocupa\u00e7\u00e3o dos profissionais de sa\u00fade, educa\u00e7\u00e3o e da sociedade de modo geral, j\u00e1 que a condi\u00e7\u00e3o dessas crian\u00e7as e adolescentes ainda t\u00eam apresentado altas preval\u00eancias. Essa inquieta\u00e7\u00e3o acarreta consequ\u00eancias devastadoras, como viol\u00eancia, gravidez n\u00e3o planejada e a transmiss\u00e3o de doen\u00e7as por via sexual, endovenosa e uso de subst\u00e2ncias psicoativas (ALMEIDA et al., 2008). Al\u00e9m disso, trabalhar com esse p\u00fablico \u00e9 avaliar sua situa\u00e7\u00e3o de vulnerabilidade nos seus aspectos familiares, escolares e sociais. Diante disso, o presente estudo teve como objetivo conhecer a trajet\u00f3ria das crian\u00e7as e adolescentes em situa\u00e7\u00e3o de rua nos aspectos escolares, al\u00e9m de tra\u00e7ar o perfil desses jovens por meio de dados sociodemogr\u00e1ficos. Assim, o procedimento metodol\u00f3gico foi uma entrevista semiestruturada contendo quarenta e sete perguntas aplicado a cinco adolescentes entre 12 a 17 anos. A coleta de dados foi realizada nas institui\u00e7\u00f5es vinculadas \u00e0 Prefeitura do munic\u00edpio de Corumb\u00e1: CREAS Pop; Casa de acolhimento; CAPSi; e tamb\u00e9m em pontos espec\u00edficos da cidade onde foram encontrados adolescentes nessas condi\u00e7\u00f5es. Assim, percebeu-se que embora se tenham politicas p\u00fablicas voltadas a esse p\u00fablico alvo ainda requer aten\u00e7\u00e3o especial a esses jovens.<\/p>\n<p><strong>Palavras-chave:<\/strong> Crian\u00e7as. Adolescentes. Situa\u00e7\u00e3o de rua.<\/p>\n<p><a href=\"https:\/\/ppgecpan.ufms.br\/files\/2018\/03\/disserta\u00e7\u00e3o-Swara-Revisado-final.pdf\" target=\"_blank\" rel=\"noopener noreferrer\"><strong>DOWNLOAD<\/strong><\/a><\/p>\n","protected":false},"excerpt":{"rendered":"<p>RESUMO O perfil das crian\u00e7as e dos adolescentes em situa\u00e7\u00e3o de rua continua sendo uma grande preocupa\u00e7\u00e3o dos profissionais de sa\u00fade, educa\u00e7\u00e3o e da sociedade de modo geral, j\u00e1 que a condi\u00e7\u00e3o dessas crian\u00e7as e adolescentes ainda t\u00eam apresentado altas preval\u00eancias. Essa inquieta\u00e7\u00e3o acarreta consequ\u00eancias devastadoras, como viol\u00eancia, gravidez n\u00e3o planejada e a transmiss\u00e3o de [&hellip;]<\/p>\n","protected":false},"author":11787,"featured_media":1621,"comment_status":"closed","ping_status":"open","sticky":false,"template":"","format":"standard","meta":{"footnotes":""},"categories":[64,8],"tags":[],"coauthors":[],"class_list":["post-3132","post","type-post","status-publish","format-standard","has-post-thumbnail","hentry","category-2018-2015-2018","category-dissertacoes"],"_links":{"self":[{"href":"https:\/\/ppgecpan.ufms.br\/en\/wp-json\/wp\/v2\/posts\/3132","targetHints":{"allow":["GET"]}}],"collection":[{"href":"https:\/\/ppgecpan.ufms.br\/en\/wp-json\/wp\/v2\/posts"}],"about":[{"href":"https:\/\/ppgecpan.ufms.br\/en\/wp-json\/wp\/v2\/types\/post"}],"author":[{"embeddable":true,"href":"https:\/\/ppgecpan.ufms.br\/en\/wp-json\/wp\/v2\/users\/11787"}],"replies":[{"embeddable":true,"href":"https:\/\/ppgecpan.ufms.br\/en\/wp-json\/wp\/v2\/comments?post=3132"}],"version-history":[{"count":1,"href":"https:\/\/ppgecpan.ufms.br\/en\/wp-json\/wp\/v2\/posts\/3132\/revisions"}],"predecessor-version":[{"id":3134,"href":"https:\/\/ppgecpan.ufms.br\/en\/wp-json\/wp\/v2\/posts\/3132\/revisions\/3134"}],"wp:featuredmedia":[{"embeddable":true,"href":"https:\/\/ppgecpan.ufms.br\/en\/wp-json\/wp\/v2\/media\/1621"}],"wp:attachment":[{"href":"https:\/\/ppgecpan.ufms.br\/en\/wp-json\/wp\/v2\/media?parent=3132"}],"wp:term":[{"taxonomy":"category","embeddable":true,"href":"https:\/\/ppgecpan.ufms.br\/en\/wp-json\/wp\/v2\/categories?post=3132"},{"taxonomy":"post_tag","embeddable":true,"href":"https:\/\/ppgecpan.ufms.br\/en\/wp-json\/wp\/v2\/tags?post=3132"},{"taxonomy":"author","embeddable":true,"href":"https:\/\/ppgecpan.ufms.br\/en\/wp-json\/wp\/v2\/coauthors?post=3132"}],"curies":[{"name":"wp","href":"https:\/\/api.w.org\/{rel}","templated":true}]}}