{"id":3144,"date":"2018-04-03T16:27:55","date_gmt":"2018-04-03T20:27:55","guid":{"rendered":"https:\/\/ppgecpan.ufms.br\/?p=3144"},"modified":"2018-04-03T16:28:52","modified_gmt":"2018-04-03T20:28:52","slug":"eae-lembrete-chamada-para-submissao-de-trabalhos","status":"publish","type":"post","link":"https:\/\/ppgecpan.ufms.br\/en\/eae-lembrete-chamada-para-submissao-de-trabalhos\/","title":{"rendered":"[EAE] Lembrete: Chamada para submiss\u00e3o de trabalhos"},"content":{"rendered":"<p><strong>SUBMISS\u00c3O DE TRABALHOS PARA N\u00daMERO TEM\u00c1TICO &#8211; 2019<\/strong><br \/>\n<b>Avalia\u00e7\u00e3o de projetos, programas e pol\u00edticas educacionais<\/b><\/p>\n<p>Caros Pesquisadores,<\/p>\n<p>A revista <i>Estudos em Avalia\u00e7\u00e3o Educacional<\/i>, da Funda\u00e7\u00e3o Carlos Chagas, est\u00e1 recebendo artigos cuja tem\u00e1tica central seja <b>&#8220;Avalia\u00e7\u00e3o de projetos, programas e pol\u00edticas educacionais&#8221;<\/b>. Os textos selecionados ir\u00e3o compor o n\u00famero 73 (jan.\/abr. 2019) da revista.<\/p>\n<p>Buscam-se artigos que contribuam para a amplia\u00e7\u00e3o do debate a respeito de aspectos te\u00f3ricos e metodol\u00f3gicos de avalia\u00e7\u00f5es de projetos, programas e pol\u00edticas educacionais, bem como para a discuss\u00e3o dos desafios para a consolida\u00e7\u00e3o e amplia\u00e7\u00e3o desse tipo de avalia\u00e7\u00e3o no Brasil.<\/p>\n<p>Ensaios te\u00f3rico-metodol\u00f3gicos sobre perspectivas de avalia\u00e7\u00e3o j\u00e1 existentes, an\u00e1lise de propostas de avalia\u00e7\u00e3o que tenham utilizado procedimentos ou modelos inovadores para avaliar a implanta\u00e7\u00e3o ou os resultados de programas e projetos educacionais, pesquisas avaliativas que buscam estabelecer rela\u00e7\u00f5es de causalidade entre um determinado programa, projeto ou a\u00e7\u00e3o de pol\u00edtica educacional e seus resultados s\u00e3o contemplados no escopo desta chamada.<\/p>\n<p>O prazo para a submiss\u00e3o dos artigos para este n\u00famero da revista se encerrar\u00e1 em 30 de junho de 2018.<\/p>\n<p>As submiss\u00f5es dever\u00e3o ser feitas por meio do endere\u00e7o eletr\u00f4nico: <a href=\"http:\/\/publicacoes.fcc.org.br\/ojs\/index.php\/eae\/about\/submissions\" target=\"_blank\" rel=\"noopener noreferrer\">http:\/\/publicacoes.fcc.org.br\/ojs\/index.php\/eae\/about\/submissions<\/a><span style=\"color: #222222\">. No momento da submiss\u00e3o, solicitamos que registrem, em ?Coment\u00e1rios para o editor?, que o texto \u00e9 enviado em resposta a esta chamada.<\/span><\/p>\n<p><span style=\"color: #222222\"> Atenciosamente,<\/span><\/p>\n<p>Adriana Bauer e Fabiana Silva Fernandes<br \/>\nEditoras de <i><span style=\"color: #222222\">Estudos em Avalia\u00e7\u00e3o Educacional<\/span><\/i><\/p>\n<p><span style=\"color: #222222\"> Nelson Gimenes<br \/>\nEditor-chefe<\/span><\/p>\n<p><b><span style=\"color: #222222\">OBS:<\/span><\/b><span style=\"color: #222222\"> Artigos que n\u00e3o se adequarem ao escopo desta chamada ser\u00e3o automaticamente enviados ao fluxo normal de artigos recebidos pela revista, desde que sejam pertinentes \u00e0 linha editorial. <\/span><\/p>\n","protected":false},"excerpt":{"rendered":"<p>SUBMISS\u00c3O DE TRABALHOS PARA N\u00daMERO TEM\u00c1TICO &#8211; 2019 Avalia\u00e7\u00e3o de projetos, programas e pol\u00edticas educacionais Caros Pesquisadores, A revista Estudos em Avalia\u00e7\u00e3o Educacional, da Funda\u00e7\u00e3o Carlos Chagas, est\u00e1 recebendo artigos cuja tem\u00e1tica central seja &#8220;Avalia\u00e7\u00e3o de projetos, programas e pol\u00edticas educacionais&#8221;. Os textos selecionados ir\u00e3o compor o n\u00famero 73 (jan.\/abr. 2019) da revista. Buscam-se artigos [&hellip;]<\/p>\n","protected":false},"author":2660,"featured_media":3145,"comment_status":"closed","ping_status":"open","sticky":false,"template":"","format":"standard","meta":{"footnotes":""},"categories":[37,17],"tags":[],"coauthors":[],"class_list":["post-3144","post","type-post","status-publish","format-standard","has-post-thumbnail","hentry","category-calls-for-publication","category-destaques"],"_links":{"self":[{"href":"https:\/\/ppgecpan.ufms.br\/en\/wp-json\/wp\/v2\/posts\/3144","targetHints":{"allow":["GET"]}}],"collection":[{"href":"https:\/\/ppgecpan.ufms.br\/en\/wp-json\/wp\/v2\/posts"}],"about":[{"href":"https:\/\/ppgecpan.ufms.br\/en\/wp-json\/wp\/v2\/types\/post"}],"author":[{"embeddable":true,"href":"https:\/\/ppgecpan.ufms.br\/en\/wp-json\/wp\/v2\/users\/2660"}],"replies":[{"embeddable":true,"href":"https:\/\/ppgecpan.ufms.br\/en\/wp-json\/wp\/v2\/comments?post=3144"}],"version-history":[{"count":2,"href":"https:\/\/ppgecpan.ufms.br\/en\/wp-json\/wp\/v2\/posts\/3144\/revisions"}],"predecessor-version":[{"id":3147,"href":"https:\/\/ppgecpan.ufms.br\/en\/wp-json\/wp\/v2\/posts\/3144\/revisions\/3147"}],"wp:featuredmedia":[{"embeddable":true,"href":"https:\/\/ppgecpan.ufms.br\/en\/wp-json\/wp\/v2\/media\/3145"}],"wp:attachment":[{"href":"https:\/\/ppgecpan.ufms.br\/en\/wp-json\/wp\/v2\/media?parent=3144"}],"wp:term":[{"taxonomy":"category","embeddable":true,"href":"https:\/\/ppgecpan.ufms.br\/en\/wp-json\/wp\/v2\/categories?post=3144"},{"taxonomy":"post_tag","embeddable":true,"href":"https:\/\/ppgecpan.ufms.br\/en\/wp-json\/wp\/v2\/tags?post=3144"},{"taxonomy":"author","embeddable":true,"href":"https:\/\/ppgecpan.ufms.br\/en\/wp-json\/wp\/v2\/coauthors?post=3144"}],"curies":[{"name":"wp","href":"https:\/\/api.w.org\/{rel}","templated":true}]}}