{"id":3148,"date":"2018-04-03T16:41:11","date_gmt":"2018-04-03T20:41:11","guid":{"rendered":"https:\/\/ppgecpan.ufms.br\/?p=3148"},"modified":"2018-04-03T16:41:11","modified_gmt":"2018-04-03T20:41:11","slug":"call-for-papers-ch-ulisboa-01092018-congresso-internacional-insularidades-e-enclaves-em-situacoes-coloniais-e-pos-coloniais-transitos-conflitos-e-construcoes-identitarias-seculos-xv-xxi","status":"publish","type":"post","link":"https:\/\/ppgecpan.ufms.br\/en\/call-for-papers-ch-ulisboa-01092018-congresso-internacional-insularidades-e-enclaves-em-situacoes-coloniais-e-pos-coloniais-transitos-conflitos-e-construcoes-identitarias-seculos-xv-xxi\/","title":{"rendered":"Call For Papers CH-ULisboa: 01\/09\/2018 | Congresso Internacional Insularidades e enclaves em situa\u00e7\u00f5es coloniais e p\u00f3s-coloniais: tr\u00e2nsitos, conflitos e constru\u00e7\u00f5es identit\u00e1rias (s\u00e9culos XV-XXI)"},"content":{"rendered":"<p><a href=\"https:\/\/ppgecpan.ufms.br\/files\/2018\/04\/CFP-Cartaz.pdf\" target=\"_blank\" rel=\"noopener noreferrer\"><strong>CARTAZ<\/strong><\/a><\/p>\n<p>Universidade de Lisboa, o Centro de Estudos Africanos da Universidade do Porto, o Centro de Estudos Internacionais do ISCTE-IUL e o Instituto de Hist\u00f3ria Contempor\u00e2nea da Universidade Nova de Lisboa.<\/p>\n<p>&nbsp;<\/p>\n<p>As propostas devem ser submetidas atrav\u00e9s do preenchimento do formul\u00e1rio online at\u00e9 <strong>1 de Setembro de 2018<\/strong> em: <a href=\"http:\/\/www.centrodehistoria-flul.com\/ciiescp.html#Form\"> http:\/\/www.centrodehistoria-flul.com\/ciiescp.html#Form<\/a><\/p>\n<p>&nbsp;<\/p>\n<p>Para mais informa\u00e7\u00f5es, consultar cartaz da chamada de trabalhos, em anexo, e conferir a <a href=\"http:\/\/www.centrodehistoria-flul.com\/ciiescp.html\">p\u00e1gina do Congresso no site institucional do CH-ULisboa<\/a> ou contactar <a href=\"mailto:ciiescp2018@gmail.com\">ciiescp2018@gmail.com<\/a><\/p>\n<p>___________________________________________________________________________________________________________________________________________________<\/p>\n<p>Para consultar outras actividades em agenda, organizadas, ou co-organizadas, pelo Centro de Hist\u00f3ria, ou para sincronizar as suas aplica\u00e7\u00f5es com o calend\u00e1rio digital do CH-ULisboa conferir agenda (<a href=\"http:\/\/www.centrodehistoria-flul.com\/agenda.html\">http:\/\/www.centrodehistoria-flul.com\/agenda.html<\/a>)<\/p>\n<p>Centro de Hist\u00f3ria da Universidade de Lisboa<\/p>\n<p>Faculdade de Letras da Universidade de Lisboa<\/p>\n<p>Cidade Universit\u00e1ria &#8211; Alameda da Universidade<\/p>\n<p>1600-214 LISBOA \/ PORTUGAL<\/p>\n<p>Tel.:\u00a0<a href=\"tel:+351%2021%20792%200000\">(+351) 21 792 00 00<\/a>\u00a0(Extens\u00e3o: 11610) &#8211;\u00a0Fax:\u00a0<a href=\"tel:+351%2021%20796%200063\">(+351) 21 796 00 63<\/a><\/p>\n<p>E-mail:\u00a0<a href=\"https:\/\/webmail.ul.pt\/owa\/redir.aspx?C=fc7df29ba7224fe682fd8db48940a809&amp;URL=mailto%3acentro.historia%40fl.ul.pt\">centro.his@letras.ulisboa.pt<\/a><\/p>\n<p>URL:\u00a0<a href=\"http:\/\/www.centrodehistoria-flul.com\/\">http:\/\/www.centrodehistoria-flul.com<\/a><\/p>\n","protected":false},"excerpt":{"rendered":"<p>CARTAZ Universidade de Lisboa, o Centro de Estudos Africanos da Universidade do Porto, o Centro de Estudos Internacionais do ISCTE-IUL e o Instituto de Hist\u00f3ria Contempor\u00e2nea da Universidade Nova de Lisboa. &nbsp; As propostas devem ser submetidas atrav\u00e9s do preenchimento do formul\u00e1rio online at\u00e9 1 de Setembro de 2018 em: http:\/\/www.centrodehistoria-flul.com\/ciiescp.html#Form &nbsp; Para mais informa\u00e7\u00f5es, [&hellip;]<\/p>\n","protected":false},"author":2660,"featured_media":3149,"comment_status":"closed","ping_status":"open","sticky":false,"template":"","format":"standard","meta":{"footnotes":""},"categories":[37,17],"tags":[],"coauthors":[],"class_list":["post-3148","post","type-post","status-publish","format-standard","has-post-thumbnail","hentry","category-calls-for-publication","category-destaques"],"_links":{"self":[{"href":"https:\/\/ppgecpan.ufms.br\/en\/wp-json\/wp\/v2\/posts\/3148","targetHints":{"allow":["GET"]}}],"collection":[{"href":"https:\/\/ppgecpan.ufms.br\/en\/wp-json\/wp\/v2\/posts"}],"about":[{"href":"https:\/\/ppgecpan.ufms.br\/en\/wp-json\/wp\/v2\/types\/post"}],"author":[{"embeddable":true,"href":"https:\/\/ppgecpan.ufms.br\/en\/wp-json\/wp\/v2\/users\/2660"}],"replies":[{"embeddable":true,"href":"https:\/\/ppgecpan.ufms.br\/en\/wp-json\/wp\/v2\/comments?post=3148"}],"version-history":[{"count":1,"href":"https:\/\/ppgecpan.ufms.br\/en\/wp-json\/wp\/v2\/posts\/3148\/revisions"}],"predecessor-version":[{"id":3151,"href":"https:\/\/ppgecpan.ufms.br\/en\/wp-json\/wp\/v2\/posts\/3148\/revisions\/3151"}],"wp:featuredmedia":[{"embeddable":true,"href":"https:\/\/ppgecpan.ufms.br\/en\/wp-json\/wp\/v2\/media\/3149"}],"wp:attachment":[{"href":"https:\/\/ppgecpan.ufms.br\/en\/wp-json\/wp\/v2\/media?parent=3148"}],"wp:term":[{"taxonomy":"category","embeddable":true,"href":"https:\/\/ppgecpan.ufms.br\/en\/wp-json\/wp\/v2\/categories?post=3148"},{"taxonomy":"post_tag","embeddable":true,"href":"https:\/\/ppgecpan.ufms.br\/en\/wp-json\/wp\/v2\/tags?post=3148"},{"taxonomy":"author","embeddable":true,"href":"https:\/\/ppgecpan.ufms.br\/en\/wp-json\/wp\/v2\/coauthors?post=3148"}],"curies":[{"name":"wp","href":"https:\/\/api.w.org\/{rel}","templated":true}]}}