{"id":3178,"date":"2018-04-17T11:45:49","date_gmt":"2018-04-17T15:45:49","guid":{"rendered":"https:\/\/ppgecpan.ufms.br\/?p=3178"},"modified":"2020-11-12T10:33:49","modified_gmt":"2020-11-12T14:33:49","slug":"convite-comemoracao-dos-10-anos-do-ppgecpan","status":"publish","type":"post","link":"https:\/\/ppgecpan.ufms.br\/en\/convite-comemoracao-dos-10-anos-do-ppgecpan\/","title":{"rendered":"CONVITE &#8211; Comemora\u00e7\u00e3o dos 10 anos do PPGE\/CPAN"},"content":{"rendered":"<div>Convidamos toda a comunidade para a Primeira atividade em comemora\u00e7\u00e3o aos 10 anos de cria\u00e7\u00e3o do Programa de P\u00f3s-Gradua\u00e7\u00e3o em Educa\u00e7\u00e3o\/CPAN.<\/div>\n<div>Ao longo deste ano faremos mais debates pertinentes \u00e0s tem\u00e1ticas das linhas de pesquisa. A primeira delas ser\u00e1 com a Professora <strong>Zena Winona Eisenberg<\/strong>\u00a0do Programa de P\u00f3s-Gradua\u00e7\u00e3o em Educa\u00e7\u00e3o da Pontif\u00edcia Universidade Cat\u00f3lica do Rio de Janeiro (PUC-Rio), que tratar\u00e1 sobre <strong>&#8220;O tempo na Inf\u00e2ncia&#8221;, no dia 18\/04, \u00e0s 19h, Audit\u00f3rio da Unidade III, Campus do Pantanal<\/strong>.<\/div>\n","protected":false},"excerpt":{"rendered":"<p>Convidamos toda a comunidade para a Primeira atividade em comemora\u00e7\u00e3o aos 10 anos de cria\u00e7\u00e3o do Programa de P\u00f3s-Gradua\u00e7\u00e3o em Educa\u00e7\u00e3o\/CPAN. Ao longo deste ano faremos mais debates pertinentes \u00e0s tem\u00e1ticas das linhas de pesquisa. A primeira delas ser\u00e1 com a Professora Zena Winona Eisenberg\u00a0do Programa de P\u00f3s-Gradua\u00e7\u00e3o em Educa\u00e7\u00e3o da Pontif\u00edcia Universidade Cat\u00f3lica do [&hellip;]<\/p>\n","protected":false},"author":2660,"featured_media":968,"comment_status":"closed","ping_status":"open","sticky":false,"template":"","format":"standard","meta":{"footnotes":""},"categories":[38],"tags":[],"coauthors":[],"class_list":["post-3178","post","type-post","status-publish","format-standard","has-post-thumbnail","hentry","category-eventos-internos"],"_links":{"self":[{"href":"https:\/\/ppgecpan.ufms.br\/en\/wp-json\/wp\/v2\/posts\/3178","targetHints":{"allow":["GET"]}}],"collection":[{"href":"https:\/\/ppgecpan.ufms.br\/en\/wp-json\/wp\/v2\/posts"}],"about":[{"href":"https:\/\/ppgecpan.ufms.br\/en\/wp-json\/wp\/v2\/types\/post"}],"author":[{"embeddable":true,"href":"https:\/\/ppgecpan.ufms.br\/en\/wp-json\/wp\/v2\/users\/2660"}],"replies":[{"embeddable":true,"href":"https:\/\/ppgecpan.ufms.br\/en\/wp-json\/wp\/v2\/comments?post=3178"}],"version-history":[{"count":1,"href":"https:\/\/ppgecpan.ufms.br\/en\/wp-json\/wp\/v2\/posts\/3178\/revisions"}],"predecessor-version":[{"id":3180,"href":"https:\/\/ppgecpan.ufms.br\/en\/wp-json\/wp\/v2\/posts\/3178\/revisions\/3180"}],"wp:featuredmedia":[{"embeddable":true,"href":"https:\/\/ppgecpan.ufms.br\/en\/wp-json\/wp\/v2\/media\/968"}],"wp:attachment":[{"href":"https:\/\/ppgecpan.ufms.br\/en\/wp-json\/wp\/v2\/media?parent=3178"}],"wp:term":[{"taxonomy":"category","embeddable":true,"href":"https:\/\/ppgecpan.ufms.br\/en\/wp-json\/wp\/v2\/categories?post=3178"},{"taxonomy":"post_tag","embeddable":true,"href":"https:\/\/ppgecpan.ufms.br\/en\/wp-json\/wp\/v2\/tags?post=3178"},{"taxonomy":"author","embeddable":true,"href":"https:\/\/ppgecpan.ufms.br\/en\/wp-json\/wp\/v2\/coauthors?post=3178"}],"curies":[{"name":"wp","href":"https:\/\/api.w.org\/{rel}","templated":true}]}}