{"id":3188,"date":"2018-04-24T09:24:47","date_gmt":"2018-04-24T13:24:47","guid":{"rendered":"https:\/\/ppgecpan.ufms.br\/?p=3188"},"modified":"2018-04-24T09:24:47","modified_gmt":"2018-04-24T13:24:47","slug":"convite-palestra-sobre-educacao-nao-formal-e-escolauniversidade-comemoracao-dos-10-anos-do-ppgecpan","status":"publish","type":"post","link":"https:\/\/ppgecpan.ufms.br\/en\/convite-palestra-sobre-educacao-nao-formal-e-escolauniversidade-comemoracao-dos-10-anos-do-ppgecpan\/","title":{"rendered":"CONVITE \u2013 Palestra sobre &#8220;Educa\u00e7\u00e3o n\u00e3o formal e a Escola\/Universidade\u201d &#8211; Comemora\u00e7\u00e3o dos 10 anos do PPGE\/CPAN"},"content":{"rendered":"<div>Convidamos toda a comunidade para a\u00a0Terceira\u00a0atividade em comemora\u00e7\u00e3o aos 10 anos de cria\u00e7\u00e3o do Programa de P\u00f3s-Gradua\u00e7\u00e3o em Educa\u00e7\u00e3o\/CPAN.<\/div>\n<div>Ao longo deste ano faremos mais debates pertinentes \u00e0s tem\u00e1ticas das linhas de pesquisa. A terceira delas ser\u00e1 com a Professora <strong>Maria Cristina Monteiro Pereira de Carvalho<\/strong>\u00a0do Programa de P\u00f3s-Gradua\u00e7\u00e3o em Educa\u00e7\u00e3o da Pontif\u00edcia Universidade Cat\u00f3lica do Rio de Janeiro (PUC-Rio), que tratar\u00e1 sobre\u00a0<strong>\u201cEduca\u00e7\u00e3o n\u00e3o formal e a Escola\/Universidade\u201d, no dia 26\/04, \u00e0s 19h, Audit\u00f3rio da Unidade III, Campus do Pantanal<\/strong>.<\/div>\n","protected":false},"excerpt":{"rendered":"<p>Convidamos toda a comunidade para a\u00a0Terceira\u00a0atividade em comemora\u00e7\u00e3o aos 10 anos de cria\u00e7\u00e3o do Programa de P\u00f3s-Gradua\u00e7\u00e3o em Educa\u00e7\u00e3o\/CPAN. Ao longo deste ano faremos mais debates pertinentes \u00e0s tem\u00e1ticas das linhas de pesquisa. A terceira delas ser\u00e1 com a Professora Maria Cristina Monteiro Pereira de Carvalho\u00a0do Programa de P\u00f3s-Gradua\u00e7\u00e3o em Educa\u00e7\u00e3o da Pontif\u00edcia Universidade Cat\u00f3lica [&hellip;]<\/p>\n","protected":false},"author":11787,"featured_media":3190,"comment_status":"closed","ping_status":"open","sticky":false,"template":"","format":"standard","meta":{"footnotes":""},"categories":[10,38,1],"tags":[],"coauthors":[],"class_list":["post-3188","post","type-post","status-publish","format-standard","has-post-thumbnail","hentry","category-eventos","category-eventos-internos","category-noticias"],"_links":{"self":[{"href":"https:\/\/ppgecpan.ufms.br\/en\/wp-json\/wp\/v2\/posts\/3188","targetHints":{"allow":["GET"]}}],"collection":[{"href":"https:\/\/ppgecpan.ufms.br\/en\/wp-json\/wp\/v2\/posts"}],"about":[{"href":"https:\/\/ppgecpan.ufms.br\/en\/wp-json\/wp\/v2\/types\/post"}],"author":[{"embeddable":true,"href":"https:\/\/ppgecpan.ufms.br\/en\/wp-json\/wp\/v2\/users\/11787"}],"replies":[{"embeddable":true,"href":"https:\/\/ppgecpan.ufms.br\/en\/wp-json\/wp\/v2\/comments?post=3188"}],"version-history":[{"count":1,"href":"https:\/\/ppgecpan.ufms.br\/en\/wp-json\/wp\/v2\/posts\/3188\/revisions"}],"predecessor-version":[{"id":3191,"href":"https:\/\/ppgecpan.ufms.br\/en\/wp-json\/wp\/v2\/posts\/3188\/revisions\/3191"}],"wp:featuredmedia":[{"embeddable":true,"href":"https:\/\/ppgecpan.ufms.br\/en\/wp-json\/wp\/v2\/media\/3190"}],"wp:attachment":[{"href":"https:\/\/ppgecpan.ufms.br\/en\/wp-json\/wp\/v2\/media?parent=3188"}],"wp:term":[{"taxonomy":"category","embeddable":true,"href":"https:\/\/ppgecpan.ufms.br\/en\/wp-json\/wp\/v2\/categories?post=3188"},{"taxonomy":"post_tag","embeddable":true,"href":"https:\/\/ppgecpan.ufms.br\/en\/wp-json\/wp\/v2\/tags?post=3188"},{"taxonomy":"author","embeddable":true,"href":"https:\/\/ppgecpan.ufms.br\/en\/wp-json\/wp\/v2\/coauthors?post=3188"}],"curies":[{"name":"wp","href":"https:\/\/api.w.org\/{rel}","templated":true}]}}