{"id":3217,"date":"2018-05-09T15:42:52","date_gmt":"2018-05-09T19:42:52","guid":{"rendered":"https:\/\/ppgecpan.ufms.br\/?p=3217"},"modified":"2018-05-09T15:43:20","modified_gmt":"2018-05-09T19:43:20","slug":"convite-mesa-redonda-sobre-sexualidades-generos-infancias-na-educacao-comemoracao-dos-10-anos-do-ppgecpan","status":"publish","type":"post","link":"https:\/\/ppgecpan.ufms.br\/en\/convite-mesa-redonda-sobre-sexualidades-generos-infancias-na-educacao-comemoracao-dos-10-anos-do-ppgecpan\/","title":{"rendered":"CONVITE \u2013 Mesa-redonda sobre &#8220;Sexualidades, G\u00eaneros, Inf\u00e2ncias na Educa\u00e7\u00e3o&#8221; \u2013 Comemora\u00e7\u00e3o dos 10 anos do PPGE\/CPAN"},"content":{"rendered":"<div>Convidamos toda a comunidade para a Quarta atividade em comemora\u00e7\u00e3o aos 10 anos de cria\u00e7\u00e3o do Programa de P\u00f3s-Gradua\u00e7\u00e3o em Educa\u00e7\u00e3o\/CPAN.<\/div>\n<div>Ao longo deste ano faremos mais debates pertinentes \u00e0s tem\u00e1ticas das linhas de pesquisa. A quarta delas ser\u00e1 com a Professora\u00a0Doutora<strong> Constantina Xavier Filha <\/strong>e de seus ex orientandos<strong>\u00a0<\/strong>\u00a0<strong>Francisca Alves da Silva, Samanta Felisberto Teixeira, Samuel da Silva Souza e Telma Iara Bacarin<\/strong>, que tratar\u00e3o sobre &#8220;Sexualidades, G\u00eaneros, Inf\u00e2ncias na Educa\u00e7\u00e3o&#8221;, no dia 24\/05, \u00e0s 19h, <strong>Audit\u00f3rio H-108<\/strong>, Unidade I, Campus do Pantanal.<\/div>\n<div><\/div>\n<div>Ser\u00e1 entregue declara\u00e7\u00e3o de ouvinte (04h) a partir do dia 28\/05, na Secretaria do Mestrado em Educa\u00e7\u00e3o, Unidade III, Campus do Pantanal.<\/div>\n<div><\/div>\n<div><\/div>\n<div><\/div>\n","protected":false},"excerpt":{"rendered":"<p>Convidamos toda a comunidade para a Quarta atividade em comemora\u00e7\u00e3o aos 10 anos de cria\u00e7\u00e3o do Programa de P\u00f3s-Gradua\u00e7\u00e3o em Educa\u00e7\u00e3o\/CPAN. Ao longo deste ano faremos mais debates pertinentes \u00e0s tem\u00e1ticas das linhas de pesquisa. A quarta delas ser\u00e1 com a Professora\u00a0Doutora Constantina Xavier Filha e de seus ex orientandos\u00a0\u00a0Francisca Alves da Silva, Samanta Felisberto [&hellip;]<\/p>\n","protected":false},"author":11787,"featured_media":3218,"comment_status":"closed","ping_status":"open","sticky":false,"template":"","format":"standard","meta":{"footnotes":""},"categories":[17,10,38,1],"tags":[],"coauthors":[],"class_list":["post-3217","post","type-post","status-publish","format-standard","has-post-thumbnail","hentry","category-destaques","category-eventos","category-eventos-internos","category-noticias"],"_links":{"self":[{"href":"https:\/\/ppgecpan.ufms.br\/en\/wp-json\/wp\/v2\/posts\/3217","targetHints":{"allow":["GET"]}}],"collection":[{"href":"https:\/\/ppgecpan.ufms.br\/en\/wp-json\/wp\/v2\/posts"}],"about":[{"href":"https:\/\/ppgecpan.ufms.br\/en\/wp-json\/wp\/v2\/types\/post"}],"author":[{"embeddable":true,"href":"https:\/\/ppgecpan.ufms.br\/en\/wp-json\/wp\/v2\/users\/11787"}],"replies":[{"embeddable":true,"href":"https:\/\/ppgecpan.ufms.br\/en\/wp-json\/wp\/v2\/comments?post=3217"}],"version-history":[{"count":1,"href":"https:\/\/ppgecpan.ufms.br\/en\/wp-json\/wp\/v2\/posts\/3217\/revisions"}],"predecessor-version":[{"id":3219,"href":"https:\/\/ppgecpan.ufms.br\/en\/wp-json\/wp\/v2\/posts\/3217\/revisions\/3219"}],"wp:featuredmedia":[{"embeddable":true,"href":"https:\/\/ppgecpan.ufms.br\/en\/wp-json\/wp\/v2\/media\/3218"}],"wp:attachment":[{"href":"https:\/\/ppgecpan.ufms.br\/en\/wp-json\/wp\/v2\/media?parent=3217"}],"wp:term":[{"taxonomy":"category","embeddable":true,"href":"https:\/\/ppgecpan.ufms.br\/en\/wp-json\/wp\/v2\/categories?post=3217"},{"taxonomy":"post_tag","embeddable":true,"href":"https:\/\/ppgecpan.ufms.br\/en\/wp-json\/wp\/v2\/tags?post=3217"},{"taxonomy":"author","embeddable":true,"href":"https:\/\/ppgecpan.ufms.br\/en\/wp-json\/wp\/v2\/coauthors?post=3217"}],"curies":[{"name":"wp","href":"https:\/\/api.w.org\/{rel}","templated":true}]}}