{"id":322,"date":"2012-09-18T16:35:16","date_gmt":"2012-09-18T20:35:16","guid":{"rendered":"http:\/\/ppgecpan.draconis.ufms.br\/?p=322"},"modified":"2016-02-19T16:01:11","modified_gmt":"2016-02-19T20:01:11","slug":"calendario-de-matricula-para-2o-semestre2012","status":"publish","type":"post","link":"https:\/\/ppgecpan.ufms.br\/en\/calendario-de-matricula-para-2o-semestre2012\/","title":{"rendered":"Calend\u00e1rio de matr\u00edcula para 2\u00ba semestre\/2012"},"content":{"rendered":"<p><strong>ALUNOS ESPECIAIS E REGULARES<\/strong><\/p>\n<div>\n<p>24 a\u00a0 26\/09\/2012 &#8211; Inscri\u00e7\u00e3o para alunos especiais<\/p>\n<p>01\/10\/2012 &#8211; Resultado dos alunos especiais<\/p>\n<p>02\/10\/2012- Matr\u00edcula para alunos especiais<\/p>\n<p>24 a 26\/09\/2012 &#8211; Matr\u00edcula para alunos regulares<\/p>\n<p>02\/10\/2012- Data do in\u00edcio das aulas<\/p>\n<p>Aos que tiverem interesse em ingressar como aluno especial deve se atentar as seguintes informa\u00e7\u00f5es:<\/p>\n<div>Documentos (exclusivamente por e-mail)\u00a0<a href=\"mailto:ppge@cpan.ufms.br\">ppge@cpan.ufms.br<\/a><\/div>\n<div>01- Ficha de inscri\u00e7\u00e3o (<a href=\"http:\/\/ppgecpan.draconis.ufms.br\/formularios\" target=\"_blank\">requerimento de matricula como aluno especial<\/a>)<\/div>\n<div>02- Curr\u00edculo preferencialmente da Plataforma LATTES &#8211;\u00a0<a href=\"http:\/\/www.cnpq.br\/\" target=\"_blank\">www.cnpq.br<\/a><\/div>\n<div><\/div>\n<div>Quadro de Disciplinas\/Vagas para alunos especiais<\/div>\n<table width=\"596\" border=\"1\" cellspacing=\"0\" cellpadding=\"0\">\n<tbody>\n<tr>\n<td valign=\"top\" width=\"215\">\n<p align=\"center\"><strong>Disciplina<\/strong><\/p>\n<\/td>\n<td valign=\"top\" width=\"152\">\n<p align=\"center\"><strong>Professor<\/strong><\/p>\n<\/td>\n<td valign=\"top\" width=\"128\">\n<p align=\"center\"><strong>N\u00ba de Alunos especiais<\/strong><\/p>\n<\/td>\n<td valign=\"top\" width=\"102\">\n<p align=\"center\"><strong>Dia e hor\u00e1rio da disciplina <\/strong><\/p>\n<\/td>\n<\/tr>\n<tr>\n<td width=\"215\">Educa\u00e7\u00e3o e Direitos Humanos<strong>Obrigat\u00f3ria<\/strong><\/td>\n<td width=\"152\">M\u00f4nica de Carvalho Magalh\u00e3es Kassar<\/td>\n<td valign=\"top\" width=\"128\">\n<p style=\"text-align: center\">0<\/p>\n<\/td>\n<td valign=\"top\" width=\"102\">Sexta Manh\u00e3- tarde<\/td>\n<\/tr>\n<tr>\n<td width=\"215\">Semin\u00e1rio de Pesquisa I.\u00a0<strong>Obrigat\u00f3ria<\/strong><\/td>\n<td width=\"152\">Hajime Takeuchi Nozaki<\/td>\n<td valign=\"top\" width=\"128\">\n<p style=\"text-align: center\">3<\/p>\n<\/td>\n<td valign=\"top\" width=\"102\">Sexta Manh\u00e3- tarde<\/td>\n<\/tr>\n<tr>\n<td width=\"215\">Pol\u00edticas P\u00fablicas para a Inf\u00e2ncia e Adolesc\u00eancia.\u00a0<strong>Optativa<\/strong><strong><\/strong><\/td>\n<td width=\"152\">Anamaria Santana da Silva<\/td>\n<td valign=\"top\" width=\"128\">\n<p style=\"text-align: center\">4<\/p>\n<\/td>\n<td valign=\"top\" width=\"102\">Quinta Manh\u00e3<\/td>\n<\/tr>\n<tr>\n<td width=\"215\">Forma\u00e7\u00e3o do Professor sob a \u00f3tica da Sociologia da Educa\u00e7\u00e3o.\u00a0<strong>Optativa<\/strong><\/td>\n<td width=\"152\">Marcia Regina do Nascimento Sambugari.<\/td>\n<td valign=\"top\" width=\"128\">\n<p style=\"text-align: center\">3<\/p>\n<\/td>\n<td valign=\"top\" width=\"102\">Quarta Manh\u00e3<\/td>\n<\/tr>\n<tr>\n<td width=\"215\">*Sexualidade, g\u00eanero e educa\u00e7\u00e3o\u00a0<strong>Optativa<\/strong><\/td>\n<td width=\"152\">Constantina Xavier Filha<\/td>\n<td valign=\"top\" width=\"128\">\n<p style=\"text-align: center\">8<\/p>\n<\/td>\n<td valign=\"top\" width=\"102\">S\u00e1bado Manh\u00e3\/tarde<\/td>\n<\/tr>\n<\/tbody>\n<\/table>\n<\/div>\n<p>* Disciplina ministrada somente em Campo Grande\/MS<\/p>\n","protected":false},"excerpt":{"rendered":"<p>ALUNOS ESPECIAIS E REGULARES 24 a\u00a0 26\/09\/2012 &#8211; Inscri\u00e7\u00e3o para alunos especiais 01\/10\/2012 &#8211; Resultado dos alunos especiais 02\/10\/2012- Matr\u00edcula para alunos especiais 24 a 26\/09\/2012 &#8211; Matr\u00edcula para alunos regulares 02\/10\/2012- Data do in\u00edcio das aulas Aos que tiverem interesse em ingressar como aluno especial deve se atentar as seguintes informa\u00e7\u00f5es: Documentos (exclusivamente por [&hellip;]<\/p>\n","protected":false},"author":7,"featured_media":0,"comment_status":"closed","ping_status":"open","sticky":false,"template":"","format":"standard","meta":{"footnotes":""},"categories":[1],"tags":[],"coauthors":[],"class_list":["post-322","post","type-post","status-publish","format-standard","hentry","category-noticias"],"_links":{"self":[{"href":"https:\/\/ppgecpan.ufms.br\/en\/wp-json\/wp\/v2\/posts\/322","targetHints":{"allow":["GET"]}}],"collection":[{"href":"https:\/\/ppgecpan.ufms.br\/en\/wp-json\/wp\/v2\/posts"}],"about":[{"href":"https:\/\/ppgecpan.ufms.br\/en\/wp-json\/wp\/v2\/types\/post"}],"author":[{"embeddable":true,"href":"https:\/\/ppgecpan.ufms.br\/en\/wp-json\/wp\/v2\/users\/7"}],"replies":[{"embeddable":true,"href":"https:\/\/ppgecpan.ufms.br\/en\/wp-json\/wp\/v2\/comments?post=322"}],"version-history":[{"count":7,"href":"https:\/\/ppgecpan.ufms.br\/en\/wp-json\/wp\/v2\/posts\/322\/revisions"}],"predecessor-version":[{"id":1470,"href":"https:\/\/ppgecpan.ufms.br\/en\/wp-json\/wp\/v2\/posts\/322\/revisions\/1470"}],"wp:attachment":[{"href":"https:\/\/ppgecpan.ufms.br\/en\/wp-json\/wp\/v2\/media?parent=322"}],"wp:term":[{"taxonomy":"category","embeddable":true,"href":"https:\/\/ppgecpan.ufms.br\/en\/wp-json\/wp\/v2\/categories?post=322"},{"taxonomy":"post_tag","embeddable":true,"href":"https:\/\/ppgecpan.ufms.br\/en\/wp-json\/wp\/v2\/tags?post=322"},{"taxonomy":"author","embeddable":true,"href":"https:\/\/ppgecpan.ufms.br\/en\/wp-json\/wp\/v2\/coauthors?post=322"}],"curies":[{"name":"wp","href":"https:\/\/api.w.org\/{rel}","templated":true}]}}