{"id":3249,"date":"2018-05-25T15:39:07","date_gmt":"2018-05-25T19:39:07","guid":{"rendered":"https:\/\/ppgecpan.ufms.br\/?p=3249"},"modified":"2018-05-25T15:39:07","modified_gmt":"2018-05-25T19:39:07","slug":"resultado-de-pedidos-de-recurso-selecao-mestrado-em-educacao-2018","status":"publish","type":"post","link":"https:\/\/ppgecpan.ufms.br\/en\/resultado-de-pedidos-de-recurso-selecao-mestrado-em-educacao-2018\/","title":{"rendered":"Resultado de pedidos de recurso \u2013 Sele\u00e7\u00e3o Mestrado em Educa\u00e7\u00e3o 2018"},"content":{"rendered":"<p>Resultado dos recursos referentes \u00e0s inscri\u00e7\u00f5es ao processo seletivo para o Mestrado em Educa\u00e7\u00e3o \u2013 Edital n. 02 de 9 de abril de 2018, do Programa de P\u00f3s-Gradua\u00e7\u00e3o em Educa\u00e7\u00e3o do Campus do Pantanal da Funda\u00e7\u00e3o Universidade Federal de Mato Grosso do Sul.<\/p>\n<p>Clique\u00a0<a href=\"https:\/\/ppgecpan.ufms.br\/files\/2018\/05\/Resultado-do-recurso-de-inscri\u00e7\u00e3o.pdf\" target=\"_blank\" rel=\"noopener noreferrer\">aqui<\/a>.<\/p>\n","protected":false},"excerpt":{"rendered":"<p>Resultado dos recursos referentes \u00e0s inscri\u00e7\u00f5es ao processo seletivo para o Mestrado em Educa\u00e7\u00e3o \u2013 Edital n. 02 de 9 de abril de 2018, do Programa de P\u00f3s-Gradua\u00e7\u00e3o em Educa\u00e7\u00e3o do Campus do Pantanal da Funda\u00e7\u00e3o Universidade Federal de Mato Grosso do Sul. Clique\u00a0aqui.<\/p>\n","protected":false},"author":11787,"featured_media":2634,"comment_status":"closed","ping_status":"open","sticky":false,"template":"","format":"standard","meta":{"footnotes":""},"categories":[17,1,57],"tags":[],"coauthors":[],"class_list":["post-3249","post","type-post","status-publish","format-standard","has-post-thumbnail","hentry","category-destaques","category-noticias","category-processos-seletivos-noticias"],"_links":{"self":[{"href":"https:\/\/ppgecpan.ufms.br\/en\/wp-json\/wp\/v2\/posts\/3249","targetHints":{"allow":["GET"]}}],"collection":[{"href":"https:\/\/ppgecpan.ufms.br\/en\/wp-json\/wp\/v2\/posts"}],"about":[{"href":"https:\/\/ppgecpan.ufms.br\/en\/wp-json\/wp\/v2\/types\/post"}],"author":[{"embeddable":true,"href":"https:\/\/ppgecpan.ufms.br\/en\/wp-json\/wp\/v2\/users\/11787"}],"replies":[{"embeddable":true,"href":"https:\/\/ppgecpan.ufms.br\/en\/wp-json\/wp\/v2\/comments?post=3249"}],"version-history":[{"count":1,"href":"https:\/\/ppgecpan.ufms.br\/en\/wp-json\/wp\/v2\/posts\/3249\/revisions"}],"predecessor-version":[{"id":3251,"href":"https:\/\/ppgecpan.ufms.br\/en\/wp-json\/wp\/v2\/posts\/3249\/revisions\/3251"}],"wp:featuredmedia":[{"embeddable":true,"href":"https:\/\/ppgecpan.ufms.br\/en\/wp-json\/wp\/v2\/media\/2634"}],"wp:attachment":[{"href":"https:\/\/ppgecpan.ufms.br\/en\/wp-json\/wp\/v2\/media?parent=3249"}],"wp:term":[{"taxonomy":"category","embeddable":true,"href":"https:\/\/ppgecpan.ufms.br\/en\/wp-json\/wp\/v2\/categories?post=3249"},{"taxonomy":"post_tag","embeddable":true,"href":"https:\/\/ppgecpan.ufms.br\/en\/wp-json\/wp\/v2\/tags?post=3249"},{"taxonomy":"author","embeddable":true,"href":"https:\/\/ppgecpan.ufms.br\/en\/wp-json\/wp\/v2\/coauthors?post=3249"}],"curies":[{"name":"wp","href":"https:\/\/api.w.org\/{rel}","templated":true}]}}