{"id":3253,"date":"2018-06-06T09:35:41","date_gmt":"2018-06-06T13:35:41","guid":{"rendered":"https:\/\/ppgecpan.ufms.br\/?p=3253"},"modified":"2018-06-06T09:36:14","modified_gmt":"2018-06-06T13:36:14","slug":"convite-para-palestras-e-lancamentos-da-rede-nexos-de-pesquisa-comemoracao-dos-10-anos-do-ppgecpan","status":"publish","type":"post","link":"https:\/\/ppgecpan.ufms.br\/en\/convite-para-palestras-e-lancamentos-da-rede-nexos-de-pesquisa-comemoracao-dos-10-anos-do-ppgecpan\/","title":{"rendered":"CONVITE PARA PALESTRAS E LAN\u00c7AMENTOS DA REDE NEXOS DE PESQUISA &#8211; COMEMORA\u00c7\u00c3O DOS 10 ANOS DO PPGE\/CPAN"},"content":{"rendered":"<p style=\"font-weight: 400\">\n<p style=\"font-weight: 400\"><strong><u>Apresenta\u00e7\u00e3o:<\/u><\/strong><\/p>\n<p style=\"font-weight: 400\">O \u201cNexos: Teoria Cr\u00edtica e Pesquisa Interdisciplinar\u201d \u00e9 uma Rede Nacional de pesquisas e estudos iniciada em 2014 que tem como objetivo: estabelecer colabora\u00e7\u00f5es e parcerias regionais, nacionais e internacionais para produ\u00e7\u00e3o de conhecimentos te\u00f3ricos e metodol\u00f3gicos em Teoria Cr\u00edtica da Sociedade. Atualmente a rede congrega pesquisadores e estudantes de todas as regi\u00f5es do pa\u00eds, assim como pesquisadores estrangeiros da Argentina, It\u00e1lia, Estados Unidos e \u00c1frica.<\/p>\n<p style=\"font-weight: 400\"><strong><u>Sobre a constitui\u00e7\u00e3o da Rede NEXOS:<\/u><\/strong><\/p>\n<p style=\"font-weight: 400\">A Rede Nacional de Pesquisa Nexos \u00e9 composta por quatro sedes de pesquisa interinstitucionais de mesmo nome acrescido das regionais. Essas sedes interinstitucionais est\u00e3o cadastradas no CNPq no Centro-Oeste\/Norte, Nordeste, Sudeste e Sul brasileiros, conectando pesquisas locais, regionais e nacionais realizadas por professores, pesquisadores, estudantes de gradua\u00e7\u00e3o e p\u00f3s-gradua\u00e7\u00e3o em diferentes regi\u00f5es do nosso pa\u00eds. Tais pesquisas possuem uma base comum epistemol\u00f3gica &#8211; a Teoria Cr\u00edtica da Sociedade e\/ou Escola de Frankfurt -, tem\u00e1ticas, objetos e metodologias de acordo com os diferentes interesses dos pesquisadores e compostas por uma equipe de pesquisadores de diversas \u00e1reas do conhecimento. As sedes interinstitucionais s\u00e3o: UFMS, UFC, UFABC e UDESC. Nessas sedes, outras universidades est\u00e3o presentes.<\/p>\n<p style=\"font-weight: 400\"><strong><u>Sobre Rela\u00e7\u00f5es Internacionais:<\/u><\/strong><\/p>\n<p style=\"font-weight: 400\">\u00c9 com alegria que anunciamos que atualmente a Rede NEXOS de Pesquisa comp\u00f5e o\u00a0<u>\u201cInternational Consortium of Critical Theory Programs\u201d<\/u>\u00a0&#8211; convidada pela renomada mundialmente por seus estudos de G\u00eanero e sobre o te\u00f3rico cr\u00edtico T. W. Adorno &#8211;\u00a0<u>Judith Butler<\/u>.<\/p>\n<p style=\"font-weight: 400\">Segue link sobre o cons\u00f3rcio de Butler em que estamos cadastrados:<\/p>\n<p style=\"font-weight: 400\"><a href=\"http:\/\/directory.criticaltheoryconsortium.org\/organizations\/nexos-critical-theory-and-interdisciplinary-research\/\">http:\/\/directory.criticaltheoryconsortium.org\/organizations\/nexos-critical-theory-and-interdisciplinary-research\/<\/a><\/p>\n<p style=\"font-weight: 400\">A Rede NEXOS tamb\u00e9m \u00e9 parceira da \u201cInternacional Herbert Marcuse Society\u201d<\/p>\n<p style=\"font-weight: 400\">Segue link sobre a \u201cInternacional Herbert Marcuse Society\u201d:\u00a0<a href=\"https:\/\/sites.google.com\/site\/marcusesociety\/Home\">https:\/\/sites.google.com\/site\/marcusesociety\/Home<\/a><\/p>\n<p style=\"font-weight: 400\">Segue convite para as palestras que ocorreram nessa\u00a0quinta-feira no audit\u00f3rio da Unidade III da UFMS\/CPAN. Al\u00e9m das palestras, ocorrer\u00e1 o lan\u00e7amento das seguintes publica\u00e7\u00f5es da nossa rede de pesquisa:<\/p>\n<ol>\n<li style=\"font-weight: 400\">Revista Comunica\u00e7\u00f5es: Dossi\u00ea &#8220;A experi\u00eancia no mundo digital e Nexos te\u00f3ricos cr\u00edticos sobre forma\u00e7\u00e3o e autoritarismo&#8221;<a href=\"https:\/\/www.metodista.br\/revistas\/revistas-unimep\/index.php\/comunicacoes\/issue\/view\/194\">https:\/\/www.metodista.br\/revistas\/revistas-unimep\/index.php\/comunicacoes\/issue\/view\/194<\/a><\/li>\n<li style=\"font-weight: 400\">Revista Impulso: Dossi\u00ea \u201cNexos Te\u00f3ricos Cr\u00edticos sobre as vicissitudes da experi\u00eancia no mundo digital\u201d<a href=\"https:\/\/www.metodista.br\/revistas\/revistas-unimep\/index.php\/impulso\/issue\/view\/207\">https:\/\/www.metodista.br\/revistas\/revistas-unimep\/index.php\/impulso\/issue\/view\/207<\/a><\/li>\n<\/ol>\n<p style=\"font-weight: 400\">3.Livro Publicado pela Editora da UDESC: \u201cAs vicissitudes da Experi\u00eancia no mundo digital\u201d\u00a0<a href=\"http:\/\/www.nexos.ufc.br\/encontro2016\/images\/As%20Vicissitudes%20da%20Experincia%20no%20Mundo%20Digital%202.pdf\">http:\/\/www.nexos.ufc.br\/encontro2016\/images\/As%20Vicissitudes%20da%20Experincia%20no%20Mundo%20Digital%202.pdf<\/a><\/p>\n<ol start=\"4\">\n<li style=\"font-weight: 400\">Livro Publicado pela Editora da UDESC: \u201cAnais do II Simp\u00f3sio Internacional de Teoria Cr\u00edtica e I Encontro Nexos: Teoria Cr\u00edtica e Pesquisa Interdisciplinar\u201d.<\/li>\n<\/ol>\n<p style=\"font-weight: 400\"><a href=\"http:\/\/www.nexos.ufc.br\/encontro2016\/index.php\/evento\/publicacoes\">http:\/\/www.nexos.ufc.br\/encontro2016\/index.php\/evento\/publicacoes<\/a><\/p>\n","protected":false},"excerpt":{"rendered":"<p>Apresenta\u00e7\u00e3o: O \u201cNexos: Teoria Cr\u00edtica e Pesquisa Interdisciplinar\u201d \u00e9 uma Rede Nacional de pesquisas e estudos iniciada em 2014 que tem como objetivo: estabelecer colabora\u00e7\u00f5es e parcerias regionais, nacionais e internacionais para produ\u00e7\u00e3o de conhecimentos te\u00f3ricos e metodol\u00f3gicos em Teoria Cr\u00edtica da Sociedade. Atualmente a rede congrega pesquisadores e estudantes de todas as regi\u00f5es do [&hellip;]<\/p>\n","protected":false},"author":11787,"featured_media":3254,"comment_status":"closed","ping_status":"open","sticky":false,"template":"","format":"standard","meta":{"footnotes":""},"categories":[17,10,38,1],"tags":[],"coauthors":[],"class_list":["post-3253","post","type-post","status-publish","format-standard","has-post-thumbnail","hentry","category-destaques","category-eventos","category-eventos-internos","category-noticias"],"_links":{"self":[{"href":"https:\/\/ppgecpan.ufms.br\/en\/wp-json\/wp\/v2\/posts\/3253","targetHints":{"allow":["GET"]}}],"collection":[{"href":"https:\/\/ppgecpan.ufms.br\/en\/wp-json\/wp\/v2\/posts"}],"about":[{"href":"https:\/\/ppgecpan.ufms.br\/en\/wp-json\/wp\/v2\/types\/post"}],"author":[{"embeddable":true,"href":"https:\/\/ppgecpan.ufms.br\/en\/wp-json\/wp\/v2\/users\/11787"}],"replies":[{"embeddable":true,"href":"https:\/\/ppgecpan.ufms.br\/en\/wp-json\/wp\/v2\/comments?post=3253"}],"version-history":[{"count":3,"href":"https:\/\/ppgecpan.ufms.br\/en\/wp-json\/wp\/v2\/posts\/3253\/revisions"}],"predecessor-version":[{"id":3257,"href":"https:\/\/ppgecpan.ufms.br\/en\/wp-json\/wp\/v2\/posts\/3253\/revisions\/3257"}],"wp:featuredmedia":[{"embeddable":true,"href":"https:\/\/ppgecpan.ufms.br\/en\/wp-json\/wp\/v2\/media\/3254"}],"wp:attachment":[{"href":"https:\/\/ppgecpan.ufms.br\/en\/wp-json\/wp\/v2\/media?parent=3253"}],"wp:term":[{"taxonomy":"category","embeddable":true,"href":"https:\/\/ppgecpan.ufms.br\/en\/wp-json\/wp\/v2\/categories?post=3253"},{"taxonomy":"post_tag","embeddable":true,"href":"https:\/\/ppgecpan.ufms.br\/en\/wp-json\/wp\/v2\/tags?post=3253"},{"taxonomy":"author","embeddable":true,"href":"https:\/\/ppgecpan.ufms.br\/en\/wp-json\/wp\/v2\/coauthors?post=3253"}],"curies":[{"name":"wp","href":"https:\/\/api.w.org\/{rel}","templated":true}]}}