{"id":3302,"date":"2018-07-09T08:10:32","date_gmt":"2018-07-09T12:10:32","guid":{"rendered":"https:\/\/ppgecpan.ufms.br\/?p=3302"},"modified":"2018-07-20T16:40:19","modified_gmt":"2018-07-20T20:40:19","slug":"o-ppgecpan-abre-selecao-para-alunos-especiais-com-ingresso-no-segundo-semestre-de-2018","status":"publish","type":"post","link":"https:\/\/ppgecpan.ufms.br\/en\/o-ppgecpan-abre-selecao-para-alunos-especiais-com-ingresso-no-segundo-semestre-de-2018\/","title":{"rendered":"O PPGE\/CPAN abre sele\u00e7\u00e3o para alunos especiais com ingresso no segundo semestre de 2018."},"content":{"rendered":"<p><strong>O PPGE\/CPAN abre sele\u00e7\u00e3o\u00a0para alunos especiais\u00a0com ingresso no segundo semestre de 2018.<\/strong><\/p>\n<p>Edital:\u00a0<a href=\"https:\/\/ppgecpan.ufms.br\/files\/2018\/07\/Edital-2-processo-seletivo-aluno-especial-2018-2.pdf\">Edital 2 &#8211; processo seletivo aluno especial 2018 2<\/a><\/p>\n<p>&nbsp;<\/p>\n<p>Prazos:<\/p>\n<ul>\n<li>Inscri\u00e7\u00e3o:\u00a009 a 13 de Julho de 2018.<\/li>\n<li>Resultado das inscri\u00e7\u00f5es:\u00a023 de Julho de 2018.<\/li>\n<li>Matr\u00edculas: 02 e 03 de\u00a0Agosto de 2018.<\/li>\n<\/ul>\n<p>&nbsp;<\/p>\n<p>Ementas:\u00a0<a href=\"https:\/\/ppgecpan.ufms.br\/files\/2018\/07\/EMENTAS-DAS-DISCIPLINAS-Alunos-Especiais-2018.2.pdf\">EMENTAS DAS DISCIPLINAS &#8211; Alunos Especiais &#8211; 2018.2<\/a><\/p>\n<p>Erratas:\u00a0<a href=\"https:\/\/ppgecpan.ufms.br\/files\/2018\/07\/Edital-3-Errata-ao-edital-2.pdf\">Errata ao Edital n\u00b0 2<\/a><\/p>\n<p>Errata alterando a data das matr\u00edculas para os dias 02 e 03 de agosto:\u00a0<a href=\"https:\/\/ppgecpan.ufms.br\/files\/2018\/07\/Edital-4-Errata-ao-edital-2.pdf\">Altera\u00e7\u00e3o da data das matr\u00edculas<\/a><\/p>\n","protected":false},"excerpt":{"rendered":"<p>O PPGE\/CPAN abre sele\u00e7\u00e3o\u00a0para alunos especiais\u00a0com ingresso no segundo semestre de 2018. Edital:\u00a0Edital 2 &#8211; processo seletivo aluno especial 2018 2 &nbsp; Prazos: Inscri\u00e7\u00e3o:\u00a009 a 13 de Julho de 2018. Resultado das inscri\u00e7\u00f5es:\u00a023 de Julho de 2018. Matr\u00edculas: 02 e 03 de\u00a0Agosto de 2018. &nbsp; Ementas:\u00a0EMENTAS DAS DISCIPLINAS &#8211; Alunos Especiais &#8211; 2018.2 Erratas:\u00a0Errata ao [&hellip;]<\/p>\n","protected":false},"author":27064,"featured_media":3303,"comment_status":"closed","ping_status":"open","sticky":false,"template":"","format":"standard","meta":{"footnotes":""},"categories":[63,17,9,16,1,57],"tags":[],"coauthors":[],"class_list":["post-3302","post","type-post","status-publish","format-standard","has-post-thumbnail","hentry","category-63","category-destaques","category-editais","category-fotos-imagens","category-noticias","category-processos-seletivos-noticias"],"_links":{"self":[{"href":"https:\/\/ppgecpan.ufms.br\/en\/wp-json\/wp\/v2\/posts\/3302","targetHints":{"allow":["GET"]}}],"collection":[{"href":"https:\/\/ppgecpan.ufms.br\/en\/wp-json\/wp\/v2\/posts"}],"about":[{"href":"https:\/\/ppgecpan.ufms.br\/en\/wp-json\/wp\/v2\/types\/post"}],"author":[{"embeddable":true,"href":"https:\/\/ppgecpan.ufms.br\/en\/wp-json\/wp\/v2\/users\/27064"}],"replies":[{"embeddable":true,"href":"https:\/\/ppgecpan.ufms.br\/en\/wp-json\/wp\/v2\/comments?post=3302"}],"version-history":[{"count":5,"href":"https:\/\/ppgecpan.ufms.br\/en\/wp-json\/wp\/v2\/posts\/3302\/revisions"}],"predecessor-version":[{"id":3325,"href":"https:\/\/ppgecpan.ufms.br\/en\/wp-json\/wp\/v2\/posts\/3302\/revisions\/3325"}],"wp:featuredmedia":[{"embeddable":true,"href":"https:\/\/ppgecpan.ufms.br\/en\/wp-json\/wp\/v2\/media\/3303"}],"wp:attachment":[{"href":"https:\/\/ppgecpan.ufms.br\/en\/wp-json\/wp\/v2\/media?parent=3302"}],"wp:term":[{"taxonomy":"category","embeddable":true,"href":"https:\/\/ppgecpan.ufms.br\/en\/wp-json\/wp\/v2\/categories?post=3302"},{"taxonomy":"post_tag","embeddable":true,"href":"https:\/\/ppgecpan.ufms.br\/en\/wp-json\/wp\/v2\/tags?post=3302"},{"taxonomy":"author","embeddable":true,"href":"https:\/\/ppgecpan.ufms.br\/en\/wp-json\/wp\/v2\/coauthors?post=3302"}],"curies":[{"name":"wp","href":"https:\/\/api.w.org\/{rel}","templated":true}]}}