{"id":3321,"date":"2018-07-20T07:01:24","date_gmt":"2018-07-20T11:01:24","guid":{"rendered":"https:\/\/ppgecpan.ufms.br\/?p=3321"},"modified":"2018-07-20T07:02:09","modified_gmt":"2018-07-20T11:02:09","slug":"3o-congresso-de-educacao-do-cpan-2o-semana-integrada-graduacao-e-pos-graduacao","status":"publish","type":"post","link":"https:\/\/ppgecpan.ufms.br\/en\/3o-congresso-de-educacao-do-cpan-2o-semana-integrada-graduacao-e-pos-graduacao\/","title":{"rendered":"3\u00ba Congresso de Educa\u00e7\u00e3o do CPAN \u2013 2\u00ba Semana Integrada Gradua\u00e7\u00e3o e P\u00f3s-Gradua\u00e7\u00e3o"},"content":{"rendered":"<p>Sobre o evento<br \/>\nNo ano de 2011 a uni\u00e3o de um grupo de docentes e discentes do Campus do Pantanal da Funda\u00e7\u00e3o Universidade Federal de Mato Grosso do Sul, permitiu a realiza\u00e7\u00e3o do primeiro Congresso de Educa\u00e7\u00e3o do CPAN (CECPAN) cujo foco voltou-se para os di\u00e1logos no campo da forma\u00e7\u00e3o de professores. Articularam-se confer\u00eancias, mesas de discuss\u00f5es, apresenta\u00e7\u00e3o de trabalhos que discutiram o processo de forma\u00e7\u00e3o que se d\u00e1 nos encontros entre os diversos temas e debates da educa\u00e7\u00e3o, desde a forma\u00e7\u00e3o de ingressantes em cursos de licenciaturas, at\u00e9 a cont\u00ednua forma\u00e7\u00e3o aos profissionais docentes em diversos n\u00edveis e distintas institui\u00e7\u00f5es ou frentes de atua\u00e7\u00e3o profissional.<\/p>\n<p>No ano de 2017 retomaram-se as a\u00e7\u00f5es do CECPAN em sua segunda edi\u00e7\u00e3o, ainda com a caracter\u00edstica central de um evento acad\u00eamico sobre forma\u00e7\u00e3o de professores, que fez uma justa homenagem ao cinquenten\u00e1rio do Curso de Pedagogia do Campus do Pantanal em a\u00e7\u00e3o articulada ao Programa de P\u00f3s-Gradua\u00e7\u00e3o em Educa\u00e7\u00e3o do CPAN\/UFMS, efetivando assim a I Semana Integrada de Gradua\u00e7\u00e3o e P\u00f3s-gradua\u00e7\u00e3o do campus. Neste encontro al\u00e9m de mesas e confer\u00eancias, houve a inova\u00e7\u00e3o de apresenta\u00e7\u00e3o de trabalhos em rodas de forma\u00e7\u00e3o, possibilitando aos participantes \u2013 profissionais e acad\u00eamicos \u2013 dialogarem e interagir mais diretamente com as pesquisas e relatos de experi\u00eancia que foram apresentados.<\/p>\n<p>Em 2018, temos a felicidade realizar o III CECPAN \u2013 II Semana Integrada de Gradua\u00e7\u00e3o e P\u00f3s-gradua\u00e7\u00e3o e convidar a todas e todos investigadores no campo da educa\u00e7\u00e3o e \u00e1reas afins, profissionais, acad\u00eamicos e demais interessados para dialogarmos sobre a qualidade da educa\u00e7\u00e3o e da forma\u00e7\u00e3o docente diante da proposta governamental atual de uma Base Nacional Comum Curricular (BNCC) que, em grande medida, difunde ideias que contrariam os ideais de forma\u00e7\u00e3o inicial em diferentes espa\u00e7os pedag\u00f3gicos, n\u00edveis, modalidades e etapas de ensino. Diante disso, buscamos nesta terceira edi\u00e7\u00e3o debater a Base Nacional Comum Curricular e seus impactos.<\/p>\n<p>Na terceira edi\u00e7\u00e3o do CECPAN e II Semana Integrada, mantemos a proposta de confer\u00eancias, mesas e minicursos e fortalecemos a iniciativa das Rodas de Forma\u00e7\u00e3o como espa\u00e7o importante no processo de compartilhamento de pesquisas, relatos de experi\u00eancias de profissionais e acad\u00eamicos envolvidos com as causas da educa\u00e7\u00e3o e a produ\u00e7\u00e3o de conhecimento cient\u00edfico. Ainda no campo da divulga\u00e7\u00e3o dos trabalhos propomos a exposi\u00e7\u00e3o de banner visando a socializa\u00e7\u00e3o de experi\u00eancias individuais e\/ou de grupos de estudos e pesquisas, em fase inicial de investiga\u00e7\u00e3o ou em andamento, bem como de a\u00e7\u00f5es de ensino e extens\u00e3o.<\/p>\n<p>Dessa forma, o III CECPAN \u2013 II Semana Integrada visa ampliar a divulga\u00e7\u00e3o de pesquisas que ocorrem na regi\u00e3o da fronteira sul-mato-grossense e nas diversas regi\u00f5es do Brasil, bem como fortalecer debates acerca da forma\u00e7\u00e3o docente e das pol\u00edticas p\u00fablicas correlacionadas.<\/p>\n<p>O III CECPAN \u2013 II Semana Integrada acontecer\u00e1 em Corumb\u00e1-MS entre os dias 26 e 29 de novembro de 2018<\/p>\n<p>As INSCRI\u00c7\u00d5ES s\u00e3o GRATUITAS.<\/p>\n<p>As informa\u00e7\u00f5es referentes a envio de trabalhos e demais atividades, bem como a programa\u00e7\u00e3o completa seguem abaixo.<\/p>\n<p><a href=\"https:\/\/www.even3.com.br\/cecpan\" target=\"_blank\" rel=\"noopener noreferrer\">https:\/\/www.even3.com.br\/cecpan<\/a><\/p>\n","protected":false},"excerpt":{"rendered":"<p>Sobre o evento No ano de 2011 a uni\u00e3o de um grupo de docentes e discentes do Campus do Pantanal da Funda\u00e7\u00e3o Universidade Federal de Mato Grosso do Sul, permitiu a realiza\u00e7\u00e3o do primeiro Congresso de Educa\u00e7\u00e3o do CPAN (CECPAN) cujo foco voltou-se para os di\u00e1logos no campo da forma\u00e7\u00e3o de professores. Articularam-se confer\u00eancias, mesas [&hellip;]<\/p>\n","protected":false},"author":2660,"featured_media":3322,"comment_status":"closed","ping_status":"open","sticky":false,"template":"","format":"standard","meta":{"footnotes":""},"categories":[17,38,1],"tags":[],"coauthors":[],"class_list":["post-3321","post","type-post","status-publish","format-standard","has-post-thumbnail","hentry","category-destaques","category-eventos-internos","category-noticias"],"_links":{"self":[{"href":"https:\/\/ppgecpan.ufms.br\/en\/wp-json\/wp\/v2\/posts\/3321","targetHints":{"allow":["GET"]}}],"collection":[{"href":"https:\/\/ppgecpan.ufms.br\/en\/wp-json\/wp\/v2\/posts"}],"about":[{"href":"https:\/\/ppgecpan.ufms.br\/en\/wp-json\/wp\/v2\/types\/post"}],"author":[{"embeddable":true,"href":"https:\/\/ppgecpan.ufms.br\/en\/wp-json\/wp\/v2\/users\/2660"}],"replies":[{"embeddable":true,"href":"https:\/\/ppgecpan.ufms.br\/en\/wp-json\/wp\/v2\/comments?post=3321"}],"version-history":[{"count":1,"href":"https:\/\/ppgecpan.ufms.br\/en\/wp-json\/wp\/v2\/posts\/3321\/revisions"}],"predecessor-version":[{"id":3323,"href":"https:\/\/ppgecpan.ufms.br\/en\/wp-json\/wp\/v2\/posts\/3321\/revisions\/3323"}],"wp:featuredmedia":[{"embeddable":true,"href":"https:\/\/ppgecpan.ufms.br\/en\/wp-json\/wp\/v2\/media\/3322"}],"wp:attachment":[{"href":"https:\/\/ppgecpan.ufms.br\/en\/wp-json\/wp\/v2\/media?parent=3321"}],"wp:term":[{"taxonomy":"category","embeddable":true,"href":"https:\/\/ppgecpan.ufms.br\/en\/wp-json\/wp\/v2\/categories?post=3321"},{"taxonomy":"post_tag","embeddable":true,"href":"https:\/\/ppgecpan.ufms.br\/en\/wp-json\/wp\/v2\/tags?post=3321"},{"taxonomy":"author","embeddable":true,"href":"https:\/\/ppgecpan.ufms.br\/en\/wp-json\/wp\/v2\/coauthors?post=3321"}],"curies":[{"name":"wp","href":"https:\/\/api.w.org\/{rel}","templated":true}]}}