{"id":3326,"date":"2018-07-20T16:55:29","date_gmt":"2018-07-20T20:55:29","guid":{"rendered":"https:\/\/ppgecpan.ufms.br\/?p=3326"},"modified":"2018-07-20T17:08:14","modified_gmt":"2018-07-20T21:08:14","slug":"alterada-data-das-matriculas-para-alunos-especiais-com-ingresso-no-segundo-semestre-de-2018","status":"publish","type":"post","link":"https:\/\/ppgecpan.ufms.br\/en\/alterada-data-das-matriculas-para-alunos-especiais-com-ingresso-no-segundo-semestre-de-2018\/","title":{"rendered":"Alteradas as datas das matr\u00edculas para alunos especiais com ingresso no segundo semestre de 2018."},"content":{"rendered":"<p>O PPGE\/CPAN altera a data das matr\u00edculas para os alunos especiais que v\u00e3o ingressar no segundo semestre de 2018.<\/p>\n<p>As datas foram alteradas dos dias 26 e 27 de Julho para os <strong>dias 02 e 03 de Agosto.<\/strong><\/p>\n<p>Lembrando que no dia 23 de Julho, pr\u00f3xima segunda-feira, ser\u00e3o publicadas as inscri\u00e7\u00f5es deferidas.<\/p>\n","protected":false},"excerpt":{"rendered":"<p>O PPGE\/CPAN altera a data das matr\u00edculas para os alunos especiais que v\u00e3o ingressar no segundo semestre de 2018. As datas foram alteradas dos dias 26 e 27 de Julho para os dias 02 e 03 de Agosto. Lembrando que no dia 23 de Julho, pr\u00f3xima segunda-feira, ser\u00e3o publicadas as inscri\u00e7\u00f5es deferidas.<\/p>\n","protected":false},"author":27064,"featured_media":3327,"comment_status":"closed","ping_status":"open","sticky":false,"template":"","format":"standard","meta":{"footnotes":""},"categories":[17,1,57],"tags":[],"coauthors":[],"class_list":["post-3326","post","type-post","status-publish","format-standard","has-post-thumbnail","hentry","category-destaques","category-noticias","category-processos-seletivos-noticias"],"_links":{"self":[{"href":"https:\/\/ppgecpan.ufms.br\/en\/wp-json\/wp\/v2\/posts\/3326","targetHints":{"allow":["GET"]}}],"collection":[{"href":"https:\/\/ppgecpan.ufms.br\/en\/wp-json\/wp\/v2\/posts"}],"about":[{"href":"https:\/\/ppgecpan.ufms.br\/en\/wp-json\/wp\/v2\/types\/post"}],"author":[{"embeddable":true,"href":"https:\/\/ppgecpan.ufms.br\/en\/wp-json\/wp\/v2\/users\/27064"}],"replies":[{"embeddable":true,"href":"https:\/\/ppgecpan.ufms.br\/en\/wp-json\/wp\/v2\/comments?post=3326"}],"version-history":[{"count":2,"href":"https:\/\/ppgecpan.ufms.br\/en\/wp-json\/wp\/v2\/posts\/3326\/revisions"}],"predecessor-version":[{"id":3329,"href":"https:\/\/ppgecpan.ufms.br\/en\/wp-json\/wp\/v2\/posts\/3326\/revisions\/3329"}],"wp:featuredmedia":[{"embeddable":true,"href":"https:\/\/ppgecpan.ufms.br\/en\/wp-json\/wp\/v2\/media\/3327"}],"wp:attachment":[{"href":"https:\/\/ppgecpan.ufms.br\/en\/wp-json\/wp\/v2\/media?parent=3326"}],"wp:term":[{"taxonomy":"category","embeddable":true,"href":"https:\/\/ppgecpan.ufms.br\/en\/wp-json\/wp\/v2\/categories?post=3326"},{"taxonomy":"post_tag","embeddable":true,"href":"https:\/\/ppgecpan.ufms.br\/en\/wp-json\/wp\/v2\/tags?post=3326"},{"taxonomy":"author","embeddable":true,"href":"https:\/\/ppgecpan.ufms.br\/en\/wp-json\/wp\/v2\/coauthors?post=3326"}],"curies":[{"name":"wp","href":"https:\/\/api.w.org\/{rel}","templated":true}]}}