{"id":333,"date":"2012-10-03T08:40:05","date_gmt":"2012-10-03T12:40:05","guid":{"rendered":"http:\/\/ppgecpan.draconis.ufms.br\/?p=333"},"modified":"2012-10-03T08:40:05","modified_gmt":"2012-10-03T12:40:05","slug":"horario-das-disciplinas-2-semestre-de-2012","status":"publish","type":"post","link":"https:\/\/ppgecpan.ufms.br\/en\/horario-das-disciplinas-2-semestre-de-2012\/","title":{"rendered":"Hor\u00e1rio das disciplinas 2\u00b0 semestre de 2012"},"content":{"rendered":"<div>\n<div>Quadro de Disciplinas\/Vagas para alunos especiais<\/div>\n<table width=\"596\" border=\"1\" cellspacing=\"0\" cellpadding=\"0\">\n<tbody>\n<tr>\n<td valign=\"top\" width=\"215\">\n<p align=\"center\"><strong>Disciplina<\/strong><\/p>\n<\/td>\n<td valign=\"top\" width=\"152\">\n<p align=\"center\"><strong>Professor<\/strong><\/p>\n<\/td>\n<td valign=\"top\" width=\"128\">\n<p align=\"center\"><strong>N\u00ba de Alunos especiais<\/strong><\/p>\n<\/td>\n<td valign=\"top\" width=\"102\">\n<p align=\"center\"><strong>Dia e hor\u00e1rio da disciplina<\/strong><\/p>\n<\/td>\n<\/tr>\n<tr>\n<td width=\"215\">Educa\u00e7\u00e3o e Direitos Humanos<strong>Obrigat\u00f3ria<\/strong><\/td>\n<td width=\"152\">M\u00f4nica de Carvalho Magalh\u00e3es Kassar<\/td>\n<td valign=\"top\" width=\"128\">0<\/td>\n<td valign=\"top\" width=\"102\">Sexta Manh\u00e3- tarde<\/td>\n<\/tr>\n<tr>\n<td width=\"215\">Semin\u00e1rio de Pesquisa I.\u00a0<strong>Obrigat\u00f3ria<\/strong><\/td>\n<td width=\"152\">Hajime Takeuchi Nozaki<\/td>\n<td valign=\"top\" width=\"128\">3<\/td>\n<td valign=\"top\" width=\"102\">Sexta Manh\u00e3- tarde<\/td>\n<\/tr>\n<tr>\n<td width=\"215\">Pol\u00edticas P\u00fablicas para a Inf\u00e2ncia e Adolesc\u00eancia.\u00a0<strong>Optativa<\/strong><strong><\/strong><\/td>\n<td width=\"152\">Anamaria Santana da Silva<\/td>\n<td valign=\"top\" width=\"128\">4<\/td>\n<td valign=\"top\" width=\"102\">Quinta Manh\u00e3<\/td>\n<\/tr>\n<tr>\n<td width=\"215\">Forma\u00e7\u00e3o do Professor sob a \u00f3tica da Sociologia da Educa\u00e7\u00e3o.\u00a0<strong>Optativa<\/strong><\/td>\n<td width=\"152\">Marcia Regina do Nascimento Sambugari.<\/td>\n<td valign=\"top\" width=\"128\">3<\/td>\n<td valign=\"top\" width=\"102\">Quarta Manh\u00e3<\/td>\n<\/tr>\n<tr>\n<td width=\"215\">*Sexualidade, g\u00eanero e educa\u00e7\u00e3o\u00a0<strong>Optativa<\/strong><\/td>\n<td width=\"152\">Constantina Xavier Filha<\/td>\n<td valign=\"top\" width=\"128\">8<\/td>\n<td valign=\"top\" width=\"102\">S\u00e1bado Manh\u00e3\/tarde<\/td>\n<\/tr>\n<\/tbody>\n<\/table>\n<\/div>\n<p>* Disciplina ministrada somente em Campo Grande\/MS<\/p>\n","protected":false},"excerpt":{"rendered":"<p>Quadro de Disciplinas\/Vagas para alunos especiais Disciplina Professor N\u00ba de Alunos especiais Dia e hor\u00e1rio da disciplina Educa\u00e7\u00e3o e Direitos HumanosObrigat\u00f3ria M\u00f4nica de Carvalho Magalh\u00e3es Kassar 0 Sexta Manh\u00e3- tarde Semin\u00e1rio de Pesquisa I.\u00a0Obrigat\u00f3ria Hajime Takeuchi Nozaki 3 Sexta Manh\u00e3- tarde Pol\u00edticas P\u00fablicas para a Inf\u00e2ncia e Adolesc\u00eancia.\u00a0Optativa Anamaria Santana da Silva 4 Quinta Manh\u00e3 [&hellip;]<\/p>\n","protected":false},"author":7,"featured_media":0,"comment_status":"closed","ping_status":"open","sticky":false,"template":"","format":"standard","meta":{"footnotes":""},"categories":[12],"tags":[],"coauthors":[],"class_list":["post-333","post","type-post","status-publish","format-standard","hentry","category-grade-horaria"],"_links":{"self":[{"href":"https:\/\/ppgecpan.ufms.br\/en\/wp-json\/wp\/v2\/posts\/333","targetHints":{"allow":["GET"]}}],"collection":[{"href":"https:\/\/ppgecpan.ufms.br\/en\/wp-json\/wp\/v2\/posts"}],"about":[{"href":"https:\/\/ppgecpan.ufms.br\/en\/wp-json\/wp\/v2\/types\/post"}],"author":[{"embeddable":true,"href":"https:\/\/ppgecpan.ufms.br\/en\/wp-json\/wp\/v2\/users\/7"}],"replies":[{"embeddable":true,"href":"https:\/\/ppgecpan.ufms.br\/en\/wp-json\/wp\/v2\/comments?post=333"}],"version-history":[{"count":2,"href":"https:\/\/ppgecpan.ufms.br\/en\/wp-json\/wp\/v2\/posts\/333\/revisions"}],"predecessor-version":[{"id":335,"href":"https:\/\/ppgecpan.ufms.br\/en\/wp-json\/wp\/v2\/posts\/333\/revisions\/335"}],"wp:attachment":[{"href":"https:\/\/ppgecpan.ufms.br\/en\/wp-json\/wp\/v2\/media?parent=333"}],"wp:term":[{"taxonomy":"category","embeddable":true,"href":"https:\/\/ppgecpan.ufms.br\/en\/wp-json\/wp\/v2\/categories?post=333"},{"taxonomy":"post_tag","embeddable":true,"href":"https:\/\/ppgecpan.ufms.br\/en\/wp-json\/wp\/v2\/tags?post=333"},{"taxonomy":"author","embeddable":true,"href":"https:\/\/ppgecpan.ufms.br\/en\/wp-json\/wp\/v2\/coauthors?post=333"}],"curies":[{"name":"wp","href":"https:\/\/api.w.org\/{rel}","templated":true}]}}