{"id":3331,"date":"2018-07-23T14:35:27","date_gmt":"2018-07-23T18:35:27","guid":{"rendered":"https:\/\/ppgecpan.ufms.br\/?p=3331"},"modified":"2018-07-23T14:38:50","modified_gmt":"2018-07-23T18:38:50","slug":"selecao-de-alunos-especiais-2018-2-lista-de-candidatos-com-inscricao-deferida","status":"publish","type":"post","link":"https:\/\/ppgecpan.ufms.br\/en\/selecao-de-alunos-especiais-2018-2-lista-de-candidatos-com-inscricao-deferida\/","title":{"rendered":"Sele\u00e7\u00e3o de Alunos Especiais 2018.2: Lista de candidatos com inscri\u00e7\u00e3o deferida"},"content":{"rendered":"<p>Sele\u00e7\u00e3o de alunos especiais 2018\/2.<\/p>\n<p>Lista de candidatos com inscri\u00e7\u00e3o deferida:\u00a0<a href=\"https:\/\/ppgecpan.ufms.br\/files\/2018\/07\/Inscri\u00e7\u00f5es-Deferidas-PDF.pdf\">Inscri\u00e7\u00f5es Deferidas<\/a><\/p>\n<p>&nbsp;<\/p>\n<p><strong>Aten\u00e7\u00e3o: as datas das matr\u00edculas ser\u00e3o nos dias 02 e 03 de agosto. Das 07:00 \u00e0s 11:00 \/ 13:00 \u00e0s 17:00.\u00a0<\/strong><\/p>\n<p>Na Secretaria de P\u00f3s-Gradua\u00e7\u00e3o \/ Unidade III &#8211; C\u00e2mpus do Pantanal. \/ Rua Domingos Sahib, 99, Bairro Cervejaria.<\/p>\n<p>&nbsp;<\/p>\n<p><strong>III &#8211; DAS MATR\u00cdCULAS<\/strong> &#8211; Os candidatos que tiverem sua inscri\u00e7\u00e3o deferida dever\u00e3o comparecer na secretaria do PPGE (Rua Domingos Sahib, 99, Bairro Cervejaria, em frente ao Centro de Conven\u00e7\u00f5es), na data acima mencionada (02 e 03 de agosto) para efetuar a matr\u00edcula com:<\/p>\n<p>Requerimento de Matr\u00edcula dispon\u00edvel em: www.ppgecpan.ufms.br\/formularios\/ (Formul\u00e1rio n\u00b004);<\/p>\n<p>Documentos originais e c\u00f3pias ou somente c\u00f3pias autenticadas de:<\/p>\n<p>Certid\u00e3o de Nascimento ou Casamento;<\/p>\n<p>C\u00e9dula de Identidade, Carteira de Identidade ou Documento de Identidade oficial;<\/p>\n<p>CPF;<\/p>\n<p>T\u00edtulo de Eleitor, dispensado no caso de estrangeiros;<\/p>\n<p>Certificado de Conclus\u00e3o de Gradua\u00e7\u00e3o ou Diploma, no caso de estrangeiros o diploma dever\u00e1 ser revalidado ou expedido por institui\u00e7\u00e3o estrangeira e devidamente autenticado na reparti\u00e7\u00e3o consular brasileira no pa\u00eds de origem do estrangeiro;<\/p>\n<p>Comprovante de quita\u00e7\u00e3o com o Servi\u00e7o Militar (homens), dispensado no caso de estrangeiro.<\/p>\n","protected":false},"excerpt":{"rendered":"<p>Sele\u00e7\u00e3o de alunos especiais 2018\/2. Lista de candidatos com inscri\u00e7\u00e3o deferida:\u00a0Inscri\u00e7\u00f5es Deferidas &nbsp; Aten\u00e7\u00e3o: as datas das matr\u00edculas ser\u00e3o nos dias 02 e 03 de agosto. Das 07:00 \u00e0s 11:00 \/ 13:00 \u00e0s 17:00.\u00a0 Na Secretaria de P\u00f3s-Gradua\u00e7\u00e3o \/ Unidade III &#8211; C\u00e2mpus do Pantanal. \/ Rua Domingos Sahib, 99, Bairro Cervejaria. &nbsp; III &#8211; [&hellip;]<\/p>\n","protected":false},"author":27064,"featured_media":3333,"comment_status":"closed","ping_status":"open","sticky":false,"template":"","format":"standard","meta":{"footnotes":""},"categories":[17,1,57],"tags":[],"coauthors":[],"class_list":["post-3331","post","type-post","status-publish","format-standard","has-post-thumbnail","hentry","category-destaques","category-noticias","category-processos-seletivos-noticias"],"_links":{"self":[{"href":"https:\/\/ppgecpan.ufms.br\/en\/wp-json\/wp\/v2\/posts\/3331","targetHints":{"allow":["GET"]}}],"collection":[{"href":"https:\/\/ppgecpan.ufms.br\/en\/wp-json\/wp\/v2\/posts"}],"about":[{"href":"https:\/\/ppgecpan.ufms.br\/en\/wp-json\/wp\/v2\/types\/post"}],"author":[{"embeddable":true,"href":"https:\/\/ppgecpan.ufms.br\/en\/wp-json\/wp\/v2\/users\/27064"}],"replies":[{"embeddable":true,"href":"https:\/\/ppgecpan.ufms.br\/en\/wp-json\/wp\/v2\/comments?post=3331"}],"version-history":[{"count":1,"href":"https:\/\/ppgecpan.ufms.br\/en\/wp-json\/wp\/v2\/posts\/3331\/revisions"}],"predecessor-version":[{"id":3334,"href":"https:\/\/ppgecpan.ufms.br\/en\/wp-json\/wp\/v2\/posts\/3331\/revisions\/3334"}],"wp:featuredmedia":[{"embeddable":true,"href":"https:\/\/ppgecpan.ufms.br\/en\/wp-json\/wp\/v2\/media\/3333"}],"wp:attachment":[{"href":"https:\/\/ppgecpan.ufms.br\/en\/wp-json\/wp\/v2\/media?parent=3331"}],"wp:term":[{"taxonomy":"category","embeddable":true,"href":"https:\/\/ppgecpan.ufms.br\/en\/wp-json\/wp\/v2\/categories?post=3331"},{"taxonomy":"post_tag","embeddable":true,"href":"https:\/\/ppgecpan.ufms.br\/en\/wp-json\/wp\/v2\/tags?post=3331"},{"taxonomy":"author","embeddable":true,"href":"https:\/\/ppgecpan.ufms.br\/en\/wp-json\/wp\/v2\/coauthors?post=3331"}],"curies":[{"name":"wp","href":"https:\/\/api.w.org\/{rel}","templated":true}]}}